{"id":97,"date":"2022-01-24T16:53:57","date_gmt":"2022-01-24T18:53:57","guid":{"rendered":"https:\/\/www.armecanica.com.br\/blog\/?p=97"},"modified":"2023-10-25T11:16:29","modified_gmt":"2023-10-25T14:16:29","slug":"como-reduzir-os-gastos-com-energia-da-sua-empresa","status":"publish","type":"post","link":"https:\/\/www.armecanica.com.br\/blog\/geradores-eletricos\/como-reduzir-os-gastos-com-energia-da-sua-empresa\/","title":{"rendered":"Como reduzir os gastos com energia da sua empresa?"},"content":{"rendered":"<span class=\"span-reading-time rt-reading-time\" style=\"display: block;\"><span class=\"rt-label rt-prefix\">Tempo de leitura: <\/span> <span class=\"rt-time\"> 2<\/span> <span class=\"rt-label rt-postfix\">minutos<\/span><\/span>\n<p>A energia \u00e9 essencial em nosso dia a dia, estando presente em diferentes \u00e1reas e setores, sobretudo no ramo empresarial. Afinal, para que qualquer neg\u00f3cio funcione e ofere\u00e7a servi\u00e7os e produtos, \u00e9 necess\u00e1rio contar com uma fonte de energia \u00e0 disposi\u00e7\u00e3o, especialmente as empresas que exigem gastos maiores de energia, como as ind\u00fastrias, por exemplo.&nbsp;<\/p>\n\n\n\n<p>Pelo fato de ser essencial, cada vez mais se busca solu\u00e7\u00f5es para saber como reduzir os gastos com energia das empresas, de modo a economizar mais no fim do m\u00eas.&nbsp;<\/p>\n\n\n\n<p>Essa pauta se tornou bastante importante nos \u00faltimos anos, com o aumento sistem\u00e1tico no pre\u00e7o da energia, que vem prejudicando empresas e neg\u00f3cios de diferentes setores.&nbsp;<\/p>\n\n\n\n<p>Pensando nisso, no artigo de hoje falaremos mais sobre como reduzir os gastos com energia da sua empresa.&nbsp;<\/p>\n\n\n\n<p>Antes, por\u00e9m, que tal entendermos quais fatores interferem no pre\u00e7o da energia no Brasil?<\/p>\n\n\n\n<div id=\"ez-toc-container\" class=\"ez-toc-v2_0_75 counter-hierarchy ez-toc-counter ez-toc-grey ez-toc-container-direction\">\n<div class=\"ez-toc-title-container\">\n<p class=\"ez-toc-title\" style=\"cursor:inherit\">O que abordaremos neste artigo:<\/p>\n<span class=\"ez-toc-title-toggle\"><a href=\"#\" class=\"ez-toc-pull-right ez-toc-btn ez-toc-btn-xs ez-toc-btn-default ez-toc-toggle\" aria-label=\"Alternar tabela de conte\u00fado\"><span class=\"ez-toc-js-icon-con\"><span class=\"\"><span class=\"eztoc-hide\" style=\"display:none;\">Toggle<\/span><span class=\"ez-toc-icon-toggle-span\"><svg style=\"fill: #999;color:#999\" xmlns=\"http:\/\/www.w3.org\/2000\/svg\" class=\"list-377408\" width=\"20px\" height=\"20px\" viewBox=\"0 0 24 24\" fill=\"none\"><path d=\"M6 6H4v2h2V6zm14 0H8v2h12V6zM4 11h2v2H4v-2zm16 0H8v2h12v-2zM4 16h2v2H4v-2zm16 0H8v2h12v-2z\" fill=\"currentColor\"><\/path><\/svg><svg style=\"fill: #999;color:#999\" class=\"arrow-unsorted-368013\" xmlns=\"http:\/\/www.w3.org\/2000\/svg\" width=\"10px\" height=\"10px\" viewBox=\"0 0 24 24\" version=\"1.2\" baseProfile=\"tiny\"><path d=\"M18.2 9.3l-6.2-6.3-6.2 6.3c-.2.2-.3.4-.3.7s.1.5.3.7c.2.2.4.3.7.3h11c.3 0 .5-.1.7-.3.2-.2.3-.5.3-.7s-.1-.5-.3-.7zM5.8 14.7l6.2 6.3 6.2-6.3c.2-.2.3-.5.3-.7s-.1-.5-.3-.7c-.2-.2-.4-.3-.7-.3h-11c-.3 0-.5.1-.7.3-.2.2-.3.5-.3.7s.1.5.3.7z\"\/><\/svg><\/span><\/span><\/span><\/a><\/span><\/div>\n<nav><ul class='ez-toc-list ez-toc-list-level-1 ' ><li class='ez-toc-page-1 ez-toc-heading-level-2'><a class=\"ez-toc-link ez-toc-heading-1\" href=\"https:\/\/www.armecanica.com.br\/blog\/geradores-eletricos\/como-reduzir-os-gastos-com-energia-da-sua-empresa\/#O_que_aumenta_os_precos_com_energia_no_Brasil\" >O que aumenta os pre\u00e7os com energia no Brasil?&nbsp;<\/a><ul class='ez-toc-list-level-3' ><li class='ez-toc-heading-level-3'><a class=\"ez-toc-link ez-toc-heading-2\" href=\"https:\/\/www.armecanica.com.br\/blog\/geradores-eletricos\/como-reduzir-os-gastos-com-energia-da-sua-empresa\/#Clima\" >Clima<\/a><\/li><\/ul><\/li><li class='ez-toc-page-1 ez-toc-heading-level-2'><a class=\"ez-toc-link ez-toc-heading-3\" href=\"https:\/\/www.armecanica.com.br\/blog\/geradores-eletricos\/como-reduzir-os-gastos-com-energia-da-sua-empresa\/#Como_reduzir_os_gastos_com_energia_em_empresas\" >Como reduzir os gastos com energia em empresas?<\/a><\/li><\/ul><\/nav><\/div>\n<h2 class=\"wp-block-heading\"><span class=\"ez-toc-section\" id=\"O_que_aumenta_os_precos_com_energia_no_Brasil\"><\/span>O que aumenta os pre\u00e7os com energia no Brasil?&nbsp;<span class=\"ez-toc-section-end\"><\/span><\/h2>\n\n\n\n<h3 class=\"wp-block-heading\"><span class=\"ez-toc-section\" id=\"Clima\"><\/span>Clima<span class=\"ez-toc-section-end\"><\/span><\/h3>\n\n\n\n<p>O clima \u00e9 um dos maiores fatores que afetam os pre\u00e7os do mercado de energia, isso porque o mau tempo pode desencadear incertezas quanto \u00e0 oferta e demanda de petr\u00f3leo, g\u00e1s natural e combust\u00edveis comerciais l\u00edquidos derivados de petr\u00f3leo e hidrocarbonetos.&nbsp;<\/p>\n\n\n\n<p>Essa incerteza, claro, aumenta a volatilidade dos pre\u00e7os, normalmente produzindo aumentos de custo por barril e custo por gal\u00e3o.<\/p>\n\n\n\n<p>Al\u00e9m de tudo isso, o clima tamb\u00e9m afeta o pre\u00e7o da energia no Brasil quando as temporadas de seca resultam em um baixo n\u00edvel de \u00e1gua nos reservat\u00f3rios das usinas hidrel\u00e9tricas, o que reflete instantaneamente no aumento dos valores praticados.<\/p>\n\n\n\n<p>Os meses de inverno tendem a ter pre\u00e7os mais altos devido ao aumento da demanda comercial e residencial. J\u00e1 nos meses mais quentes, os pre\u00e7os tendem a crescer mais moderadamente.<\/p>\n\n\n\n<ul class=\"wp-block-list\">\n<li><a href=\"https:\/\/www.armecanica.com.br\/blog\/2022\/01\/10\/conheca-otimas-solucoes-para-empresas-de-construcao-civil\/\" target=\"_blank\" rel=\"noreferrer noopener\">Conhe\u00e7a \u00f3timas solu\u00e7\u00f5es para empresas de constru\u00e7\u00e3o civil<\/a><\/li>\n<\/ul>\n\n\n\n<h2 class=\"wp-block-heading\"><span class=\"ez-toc-section\" id=\"Como_reduzir_os_gastos_com_energia_em_empresas\"><\/span>Como reduzir os gastos com energia em empresas?<span class=\"ez-toc-section-end\"><\/span><\/h2>\n\n\n\n<p>Atualmente, muitos empres\u00e1rios est\u00e3o optando por geradores como uma solu\u00e7\u00e3o eficiente para economizar com os custos de eletricidade, principalmente no Brasil, onde existem tantas vari\u00e1veis que podem alterar o pre\u00e7o da energia.<\/p>\n\n\n\n<p>Ao garantir o fornecimento el\u00e9trico por meio do gerador, al\u00e9m de economizar durante os hor\u00e1rios de pico, voc\u00ea ainda evita outros gastos indiretos, sobretudo os causados pela interrup\u00e7\u00e3o do seu neg\u00f3cio em momentos de queda de energia &#8211; que podem gerar, inclusive, preju\u00edzos bastante significativos.&nbsp;<\/p>\n\n\n\n<p>Por exemplo, imagine um frigor\u00edfico que n\u00e3o conta com um gerador de energia e, durante uma queda no fornecimento de eletricidade, perde boa parte dos alimentos armazenados. O preju\u00edzo seria bem grande, certo? Com os geradores, esse problema seria contornado com facilidade, evitando gastos maiores.&nbsp;<\/p>\n\n\n\n<p>Caso queira solu\u00e7\u00f5es incr\u00edveis em geradores para empresas, de modo a reduzir os custos com o consumo de energia, conte com a Armec\u00e2nica.&nbsp;<\/p>\n\n\n\n<p>H\u00e1 30 anos a Armec\u00e2nica atua na \u00e1rea de loca\u00e7\u00e3o de equipamentos geradores em segmentos como constru\u00e7\u00e3o civil, ind\u00fastria, com\u00e9rcio e servi\u00e7o, condom\u00ednios industriais\/comerciais e residenciais, minera\u00e7\u00e3o e agroneg\u00f3cio.<\/p>\n\n\n\n<p>Gostou do artigo sobre como reduzir os gastos com energia da sua empresa? Ent\u00e3o, acompanhe o blog da Armec\u00e2nica para ler mais conte\u00fado como este. At\u00e9 a pr\u00f3xima!&nbsp;<\/p>\n\n\n\n<ul class=\"wp-block-list\">\n<li><a href=\"https:\/\/www.armecanica.com.br\/blog\/2021\/12\/15\/quais-sao-os-segmentos-que-mais-precisam-de-energia-temporaria\/\" target=\"_blank\" rel=\"noreferrer noopener\">Quais s\u00e3o os segmentos que mais precisam de energia tempor\u00e1ria?<\/a><\/li>\n<\/ul>\n","protected":false},"excerpt":{"rendered":"<p>A energia \u00e9 essencial em nosso dia a dia, estando presente em diferentes \u00e1reas e setores, sobretudo no ramo empresarial. Afinal, para que qualquer neg\u00f3cio funcione e ofere\u00e7a servi\u00e7os e produtos, \u00e9 necess\u00e1rio contar com uma fonte de energia \u00e0 disposi\u00e7\u00e3o, especialmente as empresas que exigem gastos maiores de energia, como as ind\u00fastrias, por exemplo.&nbsp; &hellip; <\/p>\n","protected":false},"author":1,"featured_media":319,"comment_status":"open","ping_status":"open","sticky":false,"template":"","format":"standard","meta":{"footnotes":""},"categories":[2],"tags":[137,139,138],"class_list":["post-97","post","type-post","status-publish","format-standard","has-post-thumbnail","hentry","category-geradores-eletricos","tag-como-reduzir-os-gastos-com-energia-da-sua-empresa","tag-reduzir-os-gastos-com-energia-da-empresa","tag-reduzir-os-gastos-com-energia-da-sua-empresa","latest_post"],"yoast_head":"<!-- This site is optimized with the Yoast SEO plugin v25.3 - https:\/\/yoast.com\/wordpress\/plugins\/seo\/ -->\n<title>Como reduzir os gastos com energia da sua empresa? - Armec\u00e2nica<\/title>\n<meta name=\"description\" content=\"Como reduzir os gastos com energia da sua empresa? Saiba como uma simples dica pode ajudar seu neg\u00f3cio!\" \/>\n<meta name=\"robots\" content=\"index, follow, max-snippet:-1, max-image-preview:large, max-video-preview:-1\" \/>\n<link rel=\"canonical\" href=\"https:\/\/www.armecanica.com.br\/blog\/geradores-eletricos\/como-reduzir-os-gastos-com-energia-da-sua-empresa\/\" \/>\n<meta property=\"og:locale\" content=\"pt_BR\" \/>\n<meta property=\"og:type\" content=\"article\" \/>\n<meta property=\"og:title\" content=\"Como reduzir os gastos com energia da sua empresa? - Armec\u00e2nica\" \/>\n<meta property=\"og:description\" content=\"Como reduzir os gastos com energia da sua empresa? Saiba como uma simples dica pode ajudar seu neg\u00f3cio!\" \/>\n<meta property=\"og:url\" content=\"https:\/\/www.armecanica.com.br\/blog\/geradores-eletricos\/como-reduzir-os-gastos-com-energia-da-sua-empresa\/\" \/>\n<meta property=\"og:site_name\" content=\"Armec\u00e2nica\" \/>\n<meta property=\"article:published_time\" content=\"2022-01-24T18:53:57+00:00\" \/>\n<meta property=\"article:modified_time\" content=\"2023-10-25T14:16:29+00:00\" \/>\n<meta property=\"og:image\" content=\"https:\/\/www.armecanica.com.br\/blog\/wp-content\/uploads\/2023\/10\/empresario-trabalhando-com-contas-1.jpg\" \/>\n\t<meta property=\"og:image:width\" content=\"1000\" \/>\n\t<meta property=\"og:image:height\" content=\"667\" \/>\n\t<meta property=\"og:image:type\" content=\"image\/jpeg\" \/>\n<meta name=\"author\" content=\"admin\" \/>\n<meta name=\"twitter:card\" content=\"summary_large_image\" \/>\n<meta name=\"twitter:label1\" content=\"Escrito por\" \/>\n\t<meta name=\"twitter:data1\" content=\"admin\" \/>\n\t<meta name=\"twitter:label2\" content=\"Est. tempo de leitura\" \/>\n\t<meta name=\"twitter:data2\" content=\"3 minutos\" \/>\n<script type=\"application\/ld+json\" class=\"yoast-schema-graph\">{\"@context\":\"https:\/\/schema.org\",\"@graph\":[{\"@type\":\"Article\",\"@id\":\"https:\/\/www.armecanica.com.br\/blog\/geradores-eletricos\/como-reduzir-os-gastos-com-energia-da-sua-empresa\/#article\",\"isPartOf\":{\"@id\":\"https:\/\/www.armecanica.com.br\/blog\/geradores-eletricos\/como-reduzir-os-gastos-com-energia-da-sua-empresa\/\"},\"author\":{\"name\":\"admin\",\"@id\":\"https:\/\/www.armecanica.com.br\/blog\/#\/schema\/person\/ed0be293dc26f7b6ed2d08b17ae6bdd9\"},\"headline\":\"Como reduzir os gastos com energia da sua empresa?\",\"datePublished\":\"2022-01-24T18:53:57+00:00\",\"dateModified\":\"2023-10-25T14:16:29+00:00\",\"mainEntityOfPage\":{\"@id\":\"https:\/\/www.armecanica.com.br\/blog\/geradores-eletricos\/como-reduzir-os-gastos-com-energia-da-sua-empresa\/\"},\"wordCount\":590,\"commentCount\":0,\"publisher\":{\"@id\":\"https:\/\/www.armecanica.com.br\/blog\/#organization\"},\"image\":{\"@id\":\"https:\/\/www.armecanica.com.br\/blog\/geradores-eletricos\/como-reduzir-os-gastos-com-energia-da-sua-empresa\/#primaryimage\"},\"thumbnailUrl\":\"https:\/\/www.armecanica.com.br\/blog\/wp-content\/uploads\/2023\/10\/empresario-trabalhando-com-contas-1.jpg\",\"keywords\":[\"Como reduzir os gastos com energia da sua empresa?\",\"reduzir os gastos com energia da empresa\",\"reduzir os gastos com energia da sua empresa?\"],\"articleSection\":[\"Geradores el\u00e9tricos\"],\"inLanguage\":\"pt-BR\",\"potentialAction\":[{\"@type\":\"CommentAction\",\"name\":\"Comment\",\"target\":[\"https:\/\/www.armecanica.com.br\/blog\/geradores-eletricos\/como-reduzir-os-gastos-com-energia-da-sua-empresa\/#respond\"]}]},{\"@type\":\"WebPage\",\"@id\":\"https:\/\/www.armecanica.com.br\/blog\/geradores-eletricos\/como-reduzir-os-gastos-com-energia-da-sua-empresa\/\",\"url\":\"https:\/\/www.armecanica.com.br\/blog\/geradores-eletricos\/como-reduzir-os-gastos-com-energia-da-sua-empresa\/\",\"name\":\"Como reduzir os gastos com energia da sua empresa? - Armec\u00e2nica\",\"isPartOf\":{\"@id\":\"https:\/\/www.armecanica.com.br\/blog\/#website\"},\"primaryImageOfPage\":{\"@id\":\"https:\/\/www.armecanica.com.br\/blog\/geradores-eletricos\/como-reduzir-os-gastos-com-energia-da-sua-empresa\/#primaryimage\"},\"image\":{\"@id\":\"https:\/\/www.armecanica.com.br\/blog\/geradores-eletricos\/como-reduzir-os-gastos-com-energia-da-sua-empresa\/#primaryimage\"},\"thumbnailUrl\":\"https:\/\/www.armecanica.com.br\/blog\/wp-content\/uploads\/2023\/10\/empresario-trabalhando-com-contas-1.jpg\",\"datePublished\":\"2022-01-24T18:53:57+00:00\",\"dateModified\":\"2023-10-25T14:16:29+00:00\",\"description\":\"Como reduzir os gastos com energia da sua empresa? Saiba como uma simples dica pode ajudar seu neg\u00f3cio!\",\"breadcrumb\":{\"@id\":\"https:\/\/www.armecanica.com.br\/blog\/geradores-eletricos\/como-reduzir-os-gastos-com-energia-da-sua-empresa\/#breadcrumb\"},\"inLanguage\":\"pt-BR\",\"potentialAction\":[{\"@type\":\"ReadAction\",\"target\":[\"https:\/\/www.armecanica.com.br\/blog\/geradores-eletricos\/como-reduzir-os-gastos-com-energia-da-sua-empresa\/\"]}]},{\"@type\":\"ImageObject\",\"inLanguage\":\"pt-BR\",\"@id\":\"https:\/\/www.armecanica.com.br\/blog\/geradores-eletricos\/como-reduzir-os-gastos-com-energia-da-sua-empresa\/#primaryimage\",\"url\":\"https:\/\/www.armecanica.com.br\/blog\/wp-content\/uploads\/2023\/10\/empresario-trabalhando-com-contas-1.jpg\",\"contentUrl\":\"https:\/\/www.armecanica.com.br\/blog\/wp-content\/uploads\/2023\/10\/empresario-trabalhando-com-contas-1.jpg\",\"width\":1000,\"height\":667,\"caption\":\"Como reduzir os gastos com energia da sua empresa?\"},{\"@type\":\"BreadcrumbList\",\"@id\":\"https:\/\/www.armecanica.com.br\/blog\/geradores-eletricos\/como-reduzir-os-gastos-com-energia-da-sua-empresa\/#breadcrumb\",\"itemListElement\":[{\"@type\":\"ListItem\",\"position\":1,\"name\":\"In\u00edcio\",\"item\":\"https:\/\/www.armecanica.com.br\/blog\/\"},{\"@type\":\"ListItem\",\"position\":2,\"name\":\"Como reduzir os gastos com energia da sua empresa?\"}]},{\"@type\":\"WebSite\",\"@id\":\"https:\/\/www.armecanica.com.br\/blog\/#website\",\"url\":\"https:\/\/www.armecanica.com.br\/blog\/\",\"name\":\"Armec\u00e2nica\",\"description\":\"Blog\",\"publisher\":{\"@id\":\"https:\/\/www.armecanica.com.br\/blog\/#organization\"},\"potentialAction\":[{\"@type\":\"SearchAction\",\"target\":{\"@type\":\"EntryPoint\",\"urlTemplate\":\"https:\/\/www.armecanica.com.br\/blog\/?s={search_term_string}\"},\"query-input\":{\"@type\":\"PropertyValueSpecification\",\"valueRequired\":true,\"valueName\":\"search_term_string\"}}],\"inLanguage\":\"pt-BR\"},{\"@type\":\"Organization\",\"@id\":\"https:\/\/www.armecanica.com.br\/blog\/#organization\",\"name\":\"Armec\u00e2nica\",\"url\":\"https:\/\/www.armecanica.com.br\/blog\/\",\"logo\":{\"@type\":\"ImageObject\",\"inLanguage\":\"pt-BR\",\"@id\":\"https:\/\/www.armecanica.com.br\/blog\/#\/schema\/logo\/image\/\",\"url\":\"https:\/\/www.armecanica.com.br\/blog\/wp-content\/uploads\/2022\/04\/cropped-cropped-logo-armecanica.jpg\",\"contentUrl\":\"https:\/\/www.armecanica.com.br\/blog\/wp-content\/uploads\/2022\/04\/cropped-cropped-logo-armecanica.jpg\",\"width\":415,\"height\":74,\"caption\":\"Armec\u00e2nica\"},\"image\":{\"@id\":\"https:\/\/www.armecanica.com.br\/blog\/#\/schema\/logo\/image\/\"}},{\"@type\":\"Person\",\"@id\":\"https:\/\/www.armecanica.com.br\/blog\/#\/schema\/person\/ed0be293dc26f7b6ed2d08b17ae6bdd9\",\"name\":\"admin\",\"image\":{\"@type\":\"ImageObject\",\"inLanguage\":\"pt-BR\",\"@id\":\"https:\/\/www.armecanica.com.br\/blog\/#\/schema\/person\/image\/\",\"url\":\"https:\/\/secure.gravatar.com\/avatar\/e93b0e09c568d39fb51bb3bc837bb35875be86f2ef231a93496eb0b414707787?s=96&d=mm&r=g\",\"contentUrl\":\"https:\/\/secure.gravatar.com\/avatar\/e93b0e09c568d39fb51bb3bc837bb35875be86f2ef231a93496eb0b414707787?s=96&d=mm&r=g\",\"caption\":\"admin\"},\"sameAs\":[\"https:\/\/www.armecanica.com.br\/blog\"],\"url\":\"https:\/\/www.armecanica.com.br\/blog\/author\/admin\/\"}]}<\/script>\n<!-- \/ Yoast SEO plugin. -->","yoast_head_json":{"title":"Como reduzir os gastos com energia da sua empresa? - Armec\u00e2nica","description":"Como reduzir os gastos com energia da sua empresa? Saiba como uma simples dica pode ajudar seu neg\u00f3cio!","robots":{"index":"index","follow":"follow","max-snippet":"max-snippet:-1","max-image-preview":"max-image-preview:large","max-video-preview":"max-video-preview:-1"},"canonical":"https:\/\/www.armecanica.com.br\/blog\/geradores-eletricos\/como-reduzir-os-gastos-com-energia-da-sua-empresa\/","og_locale":"pt_BR","og_type":"article","og_title":"Como reduzir os gastos com energia da sua empresa? - Armec\u00e2nica","og_description":"Como reduzir os gastos com energia da sua empresa? Saiba como uma simples dica pode ajudar seu neg\u00f3cio!","og_url":"https:\/\/www.armecanica.com.br\/blog\/geradores-eletricos\/como-reduzir-os-gastos-com-energia-da-sua-empresa\/","og_site_name":"Armec\u00e2nica","article_published_time":"2022-01-24T18:53:57+00:00","article_modified_time":"2023-10-25T14:16:29+00:00","og_image":[{"width":1000,"height":667,"url":"https:\/\/www.armecanica.com.br\/blog\/wp-content\/uploads\/2023\/10\/empresario-trabalhando-com-contas-1.jpg","type":"image\/jpeg"}],"author":"admin","twitter_card":"summary_large_image","twitter_misc":{"Escrito por":"admin","Est. tempo de leitura":"3 minutos"},"schema":{"@context":"https:\/\/schema.org","@graph":[{"@type":"Article","@id":"https:\/\/www.armecanica.com.br\/blog\/geradores-eletricos\/como-reduzir-os-gastos-com-energia-da-sua-empresa\/#article","isPartOf":{"@id":"https:\/\/www.armecanica.com.br\/blog\/geradores-eletricos\/como-reduzir-os-gastos-com-energia-da-sua-empresa\/"},"author":{"name":"admin","@id":"https:\/\/www.armecanica.com.br\/blog\/#\/schema\/person\/ed0be293dc26f7b6ed2d08b17ae6bdd9"},"headline":"Como reduzir os gastos com energia da sua empresa?","datePublished":"2022-01-24T18:53:57+00:00","dateModified":"2023-10-25T14:16:29+00:00","mainEntityOfPage":{"@id":"https:\/\/www.armecanica.com.br\/blog\/geradores-eletricos\/como-reduzir-os-gastos-com-energia-da-sua-empresa\/"},"wordCount":590,"commentCount":0,"publisher":{"@id":"https:\/\/www.armecanica.com.br\/blog\/#organization"},"image":{"@id":"https:\/\/www.armecanica.com.br\/blog\/geradores-eletricos\/como-reduzir-os-gastos-com-energia-da-sua-empresa\/#primaryimage"},"thumbnailUrl":"https:\/\/www.armecanica.com.br\/blog\/wp-content\/uploads\/2023\/10\/empresario-trabalhando-com-contas-1.jpg","keywords":["Como reduzir os gastos com energia da sua empresa?","reduzir os gastos com energia da empresa","reduzir os gastos com energia da sua empresa?"],"articleSection":["Geradores el\u00e9tricos"],"inLanguage":"pt-BR","potentialAction":[{"@type":"CommentAction","name":"Comment","target":["https:\/\/www.armecanica.com.br\/blog\/geradores-eletricos\/como-reduzir-os-gastos-com-energia-da-sua-empresa\/#respond"]}]},{"@type":"WebPage","@id":"https:\/\/www.armecanica.com.br\/blog\/geradores-eletricos\/como-reduzir-os-gastos-com-energia-da-sua-empresa\/","url":"https:\/\/www.armecanica.com.br\/blog\/geradores-eletricos\/como-reduzir-os-gastos-com-energia-da-sua-empresa\/","name":"Como reduzir os gastos com energia da sua empresa? - Armec\u00e2nica","isPartOf":{"@id":"https:\/\/www.armecanica.com.br\/blog\/#website"},"primaryImageOfPage":{"@id":"https:\/\/www.armecanica.com.br\/blog\/geradores-eletricos\/como-reduzir-os-gastos-com-energia-da-sua-empresa\/#primaryimage"},"image":{"@id":"https:\/\/www.armecanica.com.br\/blog\/geradores-eletricos\/como-reduzir-os-gastos-com-energia-da-sua-empresa\/#primaryimage"},"thumbnailUrl":"https:\/\/www.armecanica.com.br\/blog\/wp-content\/uploads\/2023\/10\/empresario-trabalhando-com-contas-1.jpg","datePublished":"2022-01-24T18:53:57+00:00","dateModified":"2023-10-25T14:16:29+00:00","description":"Como reduzir os gastos com energia da sua empresa? Saiba como uma simples dica pode ajudar seu neg\u00f3cio!","breadcrumb":{"@id":"https:\/\/www.armecanica.com.br\/blog\/geradores-eletricos\/como-reduzir-os-gastos-com-energia-da-sua-empresa\/#breadcrumb"},"inLanguage":"pt-BR","potentialAction":[{"@type":"ReadAction","target":["https:\/\/www.armecanica.com.br\/blog\/geradores-eletricos\/como-reduzir-os-gastos-com-energia-da-sua-empresa\/"]}]},{"@type":"ImageObject","inLanguage":"pt-BR","@id":"https:\/\/www.armecanica.com.br\/blog\/geradores-eletricos\/como-reduzir-os-gastos-com-energia-da-sua-empresa\/#primaryimage","url":"https:\/\/www.armecanica.com.br\/blog\/wp-content\/uploads\/2023\/10\/empresario-trabalhando-com-contas-1.jpg","contentUrl":"https:\/\/www.armecanica.com.br\/blog\/wp-content\/uploads\/2023\/10\/empresario-trabalhando-com-contas-1.jpg","width":1000,"height":667,"caption":"Como reduzir os gastos com energia da sua empresa?"},{"@type":"BreadcrumbList","@id":"https:\/\/www.armecanica.com.br\/blog\/geradores-eletricos\/como-reduzir-os-gastos-com-energia-da-sua-empresa\/#breadcrumb","itemListElement":[{"@type":"ListItem","position":1,"name":"In\u00edcio","item":"https:\/\/www.armecanica.com.br\/blog\/"},{"@type":"ListItem","position":2,"name":"Como reduzir os gastos com energia da sua empresa?"}]},{"@type":"WebSite","@id":"https:\/\/www.armecanica.com.br\/blog\/#website","url":"https:\/\/www.armecanica.com.br\/blog\/","name":"Armec\u00e2nica","description":"Blog","publisher":{"@id":"https:\/\/www.armecanica.com.br\/blog\/#organization"},"potentialAction":[{"@type":"SearchAction","target":{"@type":"EntryPoint","urlTemplate":"https:\/\/www.armecanica.com.br\/blog\/?s={search_term_string}"},"query-input":{"@type":"PropertyValueSpecification","valueRequired":true,"valueName":"search_term_string"}}],"inLanguage":"pt-BR"},{"@type":"Organization","@id":"https:\/\/www.armecanica.com.br\/blog\/#organization","name":"Armec\u00e2nica","url":"https:\/\/www.armecanica.com.br\/blog\/","logo":{"@type":"ImageObject","inLanguage":"pt-BR","@id":"https:\/\/www.armecanica.com.br\/blog\/#\/schema\/logo\/image\/","url":"https:\/\/www.armecanica.com.br\/blog\/wp-content\/uploads\/2022\/04\/cropped-cropped-logo-armecanica.jpg","contentUrl":"https:\/\/www.armecanica.com.br\/blog\/wp-content\/uploads\/2022\/04\/cropped-cropped-logo-armecanica.jpg","width":415,"height":74,"caption":"Armec\u00e2nica"},"image":{"@id":"https:\/\/www.armecanica.com.br\/blog\/#\/schema\/logo\/image\/"}},{"@type":"Person","@id":"https:\/\/www.armecanica.com.br\/blog\/#\/schema\/person\/ed0be293dc26f7b6ed2d08b17ae6bdd9","name":"admin","image":{"@type":"ImageObject","inLanguage":"pt-BR","@id":"https:\/\/www.armecanica.com.br\/blog\/#\/schema\/person\/image\/","url":"https:\/\/secure.gravatar.com\/avatar\/e93b0e09c568d39fb51bb3bc837bb35875be86f2ef231a93496eb0b414707787?s=96&d=mm&r=g","contentUrl":"https:\/\/secure.gravatar.com\/avatar\/e93b0e09c568d39fb51bb3bc837bb35875be86f2ef231a93496eb0b414707787?s=96&d=mm&r=g","caption":"admin"},"sameAs":["https:\/\/www.armecanica.com.br\/blog"],"url":"https:\/\/www.armecanica.com.br\/blog\/author\/admin\/"}]}},"_links":{"self":[{"href":"https:\/\/www.armecanica.com.br\/blog\/wp-json\/wp\/v2\/posts\/97","targetHints":{"allow":["GET"]}}],"collection":[{"href":"https:\/\/www.armecanica.com.br\/blog\/wp-json\/wp\/v2\/posts"}],"about":[{"href":"https:\/\/www.armecanica.com.br\/blog\/wp-json\/wp\/v2\/types\/post"}],"author":[{"embeddable":true,"href":"https:\/\/www.armecanica.com.br\/blog\/wp-json\/wp\/v2\/users\/1"}],"replies":[{"embeddable":true,"href":"https:\/\/www.armecanica.com.br\/blog\/wp-json\/wp\/v2\/comments?post=97"}],"version-history":[{"count":2,"href":"https:\/\/www.armecanica.com.br\/blog\/wp-json\/wp\/v2\/posts\/97\/revisions"}],"predecessor-version":[{"id":320,"href":"https:\/\/www.armecanica.com.br\/blog\/wp-json\/wp\/v2\/posts\/97\/revisions\/320"}],"wp:featuredmedia":[{"embeddable":true,"href":"https:\/\/www.armecanica.com.br\/blog\/wp-json\/wp\/v2\/media\/319"}],"wp:attachment":[{"href":"https:\/\/www.armecanica.com.br\/blog\/wp-json\/wp\/v2\/media?parent=97"}],"wp:term":[{"taxonomy":"category","embeddable":true,"href":"https:\/\/www.armecanica.com.br\/blog\/wp-json\/wp\/v2\/categories?post=97"},{"taxonomy":"post_tag","embeddable":true,"href":"https:\/\/www.armecanica.com.br\/blog\/wp-json\/wp\/v2\/tags?post=97"}],"curies":[{"name":"wp","href":"https:\/\/api.w.org\/{rel}","templated":true}]}}