{"id":68,"date":"2024-06-19T14:24:49","date_gmt":"2024-06-19T17:24:49","guid":{"rendered":"https:\/\/www.armecanica.com.br\/blog\/?p=68"},"modified":"2024-06-19T14:24:51","modified_gmt":"2024-06-19T17:24:51","slug":"aluguel-de-geradores-para-eventos-valores-vantagens-e-onde-contratar","status":"publish","type":"post","link":"https:\/\/www.armecanica.com.br\/blog\/geradores-eletricos\/aluguel-de-geradores-para-eventos-valores-vantagens-e-onde-contratar\/","title":{"rendered":"Aluguel de geradores para eventos: valores, vantagens e onde contratar"},"content":{"rendered":"<span class=\"span-reading-time rt-reading-time\" style=\"display: block;\"><span class=\"rt-label rt-prefix\">Tempo de leitura: <\/span> <span class=\"rt-time\"> 4<\/span> <span class=\"rt-label rt-postfix\">minutos<\/span><\/span>\n<p class=\"has-medium-font-size\"><em><strong>Saiba mais sobre o servi\u00e7o de aluguel de geradores para eventos e quais seus benef\u00edcios; conhe\u00e7a tamb\u00e9m dicas para saber onde contratar<\/strong><\/em><\/p>\n\n\n\n<p>Os geradores s\u00e3o equipamentos fundamentais no dia a dia, especialmente em <a href=\"https:\/\/expodpedro.com.br\/ferramenta-como-calcular-o-consumo-de-energia-em-eventos\/\" target=\"_blank\" rel=\"noreferrer noopener\">eventos<\/a>, onde garantem o fornecimento de energia para a realiza\u00e7\u00e3o das mais variadas festividades. Atualmente, o aluguel de geradores para eventos surge como um servi\u00e7o interessante, sobretudo pelas vantagens que oferece.&nbsp;<\/p>\n\n\n\n<p>Pensando em como o aluguel de geradores para eventos \u00e9 cada vez mais solicitado, no artigo de hoje falaremos mais sobre seu valores e benef\u00edcios, bem como mostraremos algumas dicas para ajud\u00e1-lo a saber onde contratar esse tipo de trabalho.\u00a0<\/p>\n\n\n\n<div id=\"ez-toc-container\" class=\"ez-toc-v2_0_75 counter-hierarchy ez-toc-counter ez-toc-grey ez-toc-container-direction\">\n<div class=\"ez-toc-title-container\">\n<p class=\"ez-toc-title\" style=\"cursor:inherit\">O que abordaremos neste artigo:<\/p>\n<span class=\"ez-toc-title-toggle\"><a href=\"#\" class=\"ez-toc-pull-right ez-toc-btn ez-toc-btn-xs ez-toc-btn-default ez-toc-toggle\" aria-label=\"Alternar tabela de conte\u00fado\"><span class=\"ez-toc-js-icon-con\"><span class=\"\"><span class=\"eztoc-hide\" style=\"display:none;\">Toggle<\/span><span class=\"ez-toc-icon-toggle-span\"><svg style=\"fill: #999;color:#999\" xmlns=\"http:\/\/www.w3.org\/2000\/svg\" class=\"list-377408\" width=\"20px\" height=\"20px\" viewBox=\"0 0 24 24\" fill=\"none\"><path d=\"M6 6H4v2h2V6zm14 0H8v2h12V6zM4 11h2v2H4v-2zm16 0H8v2h12v-2zM4 16h2v2H4v-2zm16 0H8v2h12v-2z\" fill=\"currentColor\"><\/path><\/svg><svg style=\"fill: #999;color:#999\" class=\"arrow-unsorted-368013\" xmlns=\"http:\/\/www.w3.org\/2000\/svg\" width=\"10px\" height=\"10px\" viewBox=\"0 0 24 24\" version=\"1.2\" baseProfile=\"tiny\"><path d=\"M18.2 9.3l-6.2-6.3-6.2 6.3c-.2.2-.3.4-.3.7s.1.5.3.7c.2.2.4.3.7.3h11c.3 0 .5-.1.7-.3.2-.2.3-.5.3-.7s-.1-.5-.3-.7zM5.8 14.7l6.2 6.3 6.2-6.3c.2-.2.3-.5.3-.7s-.1-.5-.3-.7c-.2-.2-.4-.3-.7-.3h-11c-.3 0-.5.1-.7.3-.2.2-.3.5-.3.7s.1.5.3.7z\"\/><\/svg><\/span><\/span><\/span><\/a><\/span><\/div>\n<nav><ul class='ez-toc-list ez-toc-list-level-1 ' ><li class='ez-toc-page-1 ez-toc-heading-level-2'><a class=\"ez-toc-link ez-toc-heading-1\" href=\"https:\/\/www.armecanica.com.br\/blog\/geradores-eletricos\/aluguel-de-geradores-para-eventos-valores-vantagens-e-onde-contratar\/#O_que_e_um_gerador\" >O que \u00e9 um gerador?<\/a><\/li><li class='ez-toc-page-1 ez-toc-heading-level-2'><a class=\"ez-toc-link ez-toc-heading-2\" href=\"https:\/\/www.armecanica.com.br\/blog\/geradores-eletricos\/aluguel-de-geradores-para-eventos-valores-vantagens-e-onde-contratar\/#Qual_a_importancia_de_um_gerador_em_um_evento\" >Qual a importancia de um gerador em um evento?<\/a><\/li><li class='ez-toc-page-1 ez-toc-heading-level-2'><a class=\"ez-toc-link ez-toc-heading-3\" href=\"https:\/\/www.armecanica.com.br\/blog\/geradores-eletricos\/aluguel-de-geradores-para-eventos-valores-vantagens-e-onde-contratar\/#Vantagens_do_aluguel_de_geradores_para_eventos\" >Vantagens do aluguel de geradores para eventos<\/a><\/li><li class='ez-toc-page-1 ez-toc-heading-level-2'><a class=\"ez-toc-link ez-toc-heading-4\" href=\"https:\/\/www.armecanica.com.br\/blog\/geradores-eletricos\/aluguel-de-geradores-para-eventos-valores-vantagens-e-onde-contratar\/#Valores_do_aluguel_de_geradores\" >Valores do aluguel de geradores<\/a><\/li><li class='ez-toc-page-1 ez-toc-heading-level-2'><a class=\"ez-toc-link ez-toc-heading-5\" href=\"https:\/\/www.armecanica.com.br\/blog\/geradores-eletricos\/aluguel-de-geradores-para-eventos-valores-vantagens-e-onde-contratar\/#Onde_contratar_servicos_de_locacao_de_geradores_para_eventos\" >Onde contratar servi\u00e7os de loca\u00e7\u00e3o de geradores para eventos?&nbsp;<\/a><\/li><\/ul><\/nav><\/div>\n<h2 class=\"wp-block-heading\"><span class=\"ez-toc-section\" id=\"O_que_e_um_gerador\"><\/span>O que \u00e9 um gerador?<span class=\"ez-toc-section-end\"><\/span><\/h2>\n\n\n\n<p>Um gerador \u00e9 um dispositivo que <strong>converte energia mec\u00e2nica ou qu\u00edmica em energia el\u00e9trica<\/strong>. Ele \u00e9 usado para fornecer eletricidade em situa\u00e7\u00f5es onde a energia da rede el\u00e9trica n\u00e3o est\u00e1 dispon\u00edvel, como em \u00e1reas remotas, durante cortes de energia, ou em eventos ao ar livre. <\/p>\n\n\n\n<p>Tamb\u00e9m \u00e9 essencial em instala\u00e7\u00f5es que requerem uma fonte de energia constante e confi\u00e1vel, como hospitais e centros de dados.<\/p>\n\n\n\n<h2 class=\"wp-block-heading\"><span class=\"ez-toc-section\" id=\"Qual_a_importancia_de_um_gerador_em_um_evento\"><\/span>Qual a importancia de um gerador em um evento?<span class=\"ez-toc-section-end\"><\/span><\/h2>\n\n\n\n<p>A import\u00e2ncia de um gerador em um evento \u00e9 crucial, especialmente em situa\u00e7\u00f5es onde a confiabilidade da fonte de energia \u00e9 fundamental para o sucesso do evento. Aqui est\u00e3o os principais motivos que destacam a import\u00e2ncia de um gerador em eventos:<\/p>\n\n\n\n<ol class=\"wp-block-list\">\n<li><strong>Garantia de energia cont\u00ednua<\/strong>: um gerador assegura que haver\u00e1 fornecimento constante de energia el\u00e9trica, independentemente de falhas ou aus\u00eancia de energia na rede el\u00e9trica local. Isso \u00e9 especialmente importante em eventos grandes, como shows, festivais ao ar livre e confer\u00eancias, onde uma interrup\u00e7\u00e3o no fornecimento de energia pode causar interrup\u00e7\u00f5es significativas.<\/li>\n\n\n\n<li><strong>Localiza\u00e7\u00e3o flex\u00edvel<\/strong>: com um gerador, eventos podem ser realizados em locais sem acesso direto \u00e0 rede el\u00e9trica. Isso abre possibilidades para escolha de locais mais variados e atraentes, como praias, campos abertos ou locais remotos, que de outra forma n\u00e3o poderiam ser considerados devido \u00e0 falta de infraestrutura el\u00e9trica.<\/li>\n\n\n\n<li><strong>Suporte para equipamentos<\/strong>: em muitos eventos, h\u00e1 uma grande demanda por energia el\u00e9trica para operar equipamentos variados, como sistemas de som, ilumina\u00e7\u00e3o, equipamentos de catering, e projetores. Um gerador garante que todos esses dispositivos funcionem sem interrup\u00e7\u00f5es, contribuindo para a qualidade e a fluidez do evento.<\/li>\n\n\n\n<li><strong>Seguran\u00e7a<\/strong>: a ilumina\u00e7\u00e3o \u00e9 um aspecto cr\u00edtico para a seguran\u00e7a em qualquer evento. Um gerador assegura que \u00e1reas como estacionamentos, vias de acesso e o pr\u00f3prio local do evento estejam bem iluminados, reduzindo o risco de acidentes e melhorando a seguran\u00e7a geral para os participantes.<\/li>\n\n\n\n<li><strong>Confiabilidade<\/strong>: para eventos importantes que n\u00e3o podem ser adiados ou interrompidos, como casamentos ou eventos corporativos de grande escala, a confiabilidade \u00e9 chave. Um gerador serve como um seguro contra imprevistos relacionados \u00e0 energia, garantindo que o evento prossiga conforme planejado, independentemente de falhas externas.<\/li>\n\n\n\n<li><strong>Custo-benef\u00edcio<\/strong>: alugar um gerador pode ser uma solu\u00e7\u00e3o de custo-benef\u00edcio comparado ao risco de interrup\u00e7\u00f5es. Interrup\u00e7\u00f5es podem levar a perdas financeiras significativas, especialmente se o evento envolver ingressos pagos ou patroc\u00ednios.<\/li>\n\n\n\n<li><strong>Adapta\u00e7\u00e3o a demandas de energia<\/strong>: alguns eventos podem ter demandas energ\u00e9ticas que excedem o que a infraestrutura local pode fornecer. Um gerador pode ser dimensionado para atender essas necessidades espec\u00edficas, garantindo que haja energia suficiente para todos os usos planejados.<\/li>\n<\/ol>\n\n\n\n<h2 class=\"wp-block-heading\"><span class=\"ez-toc-section\" id=\"Vantagens_do_aluguel_de_geradores_para_eventos\"><\/span>Vantagens do aluguel de geradores para eventos<span class=\"ez-toc-section-end\"><\/span><\/h2>\n\n\n<div class=\"wp-block-image is-style-rounded\">\n<figure class=\"alignright is-resized\"><img decoding=\"async\" src=\"https:\/\/images.unsplash.com\/photo-1643066873417-5ce1fa837366?crop=entropy&amp;cs=tinysrgb&amp;fit=max&amp;fm=jpg&amp;ixid=M3wxMTgwOTN8MHwxfHNlYXJjaHwxMXx8ZXZlbnRvc3xlbnwwfHx8fDE2OTgyNDM0NzJ8MA&amp;ixlib=rb-4.0.3&amp;q=80&amp;w=1080\" alt=\"\" style=\"aspect-ratio:0.6666666666666666;width:264px;height:auto\"\/><\/figure>\n<\/div>\n\n\n<p>O aluguel de geradores para eventos oferece uma s\u00e9rie de vantagens, come\u00e7ando pela economia.&nbsp;<\/p>\n\n\n\n<p>Sim, alugar um gerador \u00e9 muito mais em conta, j\u00e1 que o valor de uma loca\u00e7\u00e3o \u00e9 bastante inferior a uma aquisi\u00e7\u00e3o, o que, claro, \u00e9 muito importante para quem procura mais economia.&nbsp;<\/p>\n\n\n\n<p>Outra vantagem \u00e9 o custo-benef\u00edcio. Com a loca\u00e7\u00e3o de geradores voc\u00ea tem um produto de qualidade, que suprir\u00e1 todas suas necessidades, ao mesmo tempo em que paga menos. <strong>A loca\u00e7\u00e3o tem como diferencial o cliente contratar o equipamento somente pelo tempo que ir\u00e1 usar<\/strong>, garantindo um melhor aproveitamento do valor investido.&nbsp;<\/p>\n\n\n\n<p>Al\u00e9m de tudo isso, o aluguel de geradores tem outra excelente vantagem, que \u00e9 a manuten\u00e7\u00e3o do equipamento por conta da empresa contratada.&nbsp;<\/p>\n\n\n\n<p>Em outras palavras, \u00e9 a empresa que fica encarregada pelo conserto e manuten\u00e7\u00e3o dos geradores, o que representa um gasto a menos.&nbsp;<\/p>\n\n\n\n<ul class=\"wp-block-list\">\n<li><a href=\"https:\/\/www.armecanica.com.br\/blog\/2021\/09\/21\/comprar-equipamentos-usados-vale-a-pena\/\" target=\"_blank\" rel=\"noreferrer noopener\">Comprar equipamentos usados vale a pena?<\/a><\/li>\n<\/ul>\n\n\n\n<h2 class=\"wp-block-heading\"><span class=\"ez-toc-section\" id=\"Valores_do_aluguel_de_geradores\"><\/span>Valores do aluguel de geradores<span class=\"ez-toc-section-end\"><\/span><\/h2>\n\n\n\n<p>Saber o valor do aluguel de geradores \u00e9 sempre uma d\u00favida muito comum. Tenha em mente, por\u00e9m, que os pre\u00e7os variam bastante, tornando dif\u00edcil definir um n\u00famero exato.&nbsp;<\/p>\n\n\n\n<p>Afinal, saiba que existem algumas vari\u00e1veis que alteram o valor do aluguel, como o <strong>modelo do gerador, sua pot\u00eancia, seu tamanho, tempo de loca\u00e7\u00e3o<\/strong> e muito mais.&nbsp;<\/p>\n\n\n\n<p>Por isso, a melhor forma de saber os valores do aluguel de geradores, \u00e9 solicitando uma cota\u00e7\u00e3o.&nbsp;<\/p>\n\n\n\n<ul class=\"wp-block-list\">\n<li><a href=\"https:\/\/www.armecanica.com.br\/blog\/2021\/10\/12\/por-que-investir-na-locacao-de-cabos-eletricos-conheca-as-vantagens\/\" target=\"_blank\" rel=\"noreferrer noopener\">Por que investir na loca\u00e7\u00e3o de cabos el\u00e9tricos? Conhe\u00e7a as vantagens!<\/a><\/li>\n<\/ul>\n\n\n\n<h2 class=\"wp-block-heading\"><span class=\"ez-toc-section\" id=\"Onde_contratar_servicos_de_locacao_de_geradores_para_eventos\"><\/span>Onde contratar servi\u00e7os de loca\u00e7\u00e3o de geradores para eventos?&nbsp;<span class=\"ez-toc-section-end\"><\/span><\/h2>\n\n\n\n<p>Voc\u00ea pode contratar um servi\u00e7o de aluguel de geradores para eventos em empresas especializadas no fornecimento desse tipo de equipamentos.&nbsp;<\/p>\n\n\n\n<p>Procure, portanto, por empresas de loca\u00e7\u00e3o de geradores experientes, confi\u00e1veis e com bons equipamentos \u00e0 disposi\u00e7\u00e3o, como \u00e9 o caso da <strong><a href=\"https:\/\/www.armecanica.com.br\/\">Armec\u00e2ncia<\/a><\/strong>. Somente uma empresa com esse perfil tem condi\u00e7\u00f5es de entregar equipamentos de primeira linha e confi\u00e1veis para seu evento, seja ele qual for.\u00a0<\/p>\n\n\n\n<p>Gostou do artigo sobre aluguel de geradores para eventos? Ent\u00e3o, acompanhe o <a href=\"https:\/\/www.armecanica.com.br\/blog\/\">blog da Armec\u00e2nica<\/a> para ler mais conte\u00fado como este. At\u00e9 a pr\u00f3xima!\u00a0<\/p>\n\n\n\n<ul class=\"wp-block-list\">\n<li><a href=\"https:\/\/www.armecanica.com.br\/blog\/2021\/09\/06\/o-que-e-um-quadro-de-energia-e-qual-sua-importancia\/\" target=\"_blank\" rel=\"noreferrer noopener\">O que \u00e9 um quadro de energia e qual sua import\u00e2ncia?<\/a><\/li>\n<\/ul>\n","protected":false},"excerpt":{"rendered":"<p>Saiba mais sobre o servi\u00e7o de aluguel de geradores para eventos e quais seus benef\u00edcios; conhe\u00e7a tamb\u00e9m dicas para saber onde contratar Os geradores s\u00e3o equipamentos fundamentais no dia a dia, especialmente em eventos, onde garantem o fornecimento de energia para a realiza\u00e7\u00e3o das mais variadas festividades. Atualmente, o aluguel de geradores para eventos surge &hellip; <\/p>\n","protected":false},"author":1,"featured_media":329,"comment_status":"open","ping_status":"open","sticky":false,"template":"","format":"standard","meta":{"footnotes":""},"categories":[35,2],"tags":[99,95,97,96,98,90,94,93,92],"class_list":["post-68","post","type-post","status-publish","format-standard","has-post-thumbnail","hentry","category-geradores-a-diesel","category-geradores-eletricos","tag-aluguel-de-geradores-para-eventos-beneficios","tag-aluguel-de-geradores-para-eventos-preco","tag-aluguel-de-geradores-para-eventos-valor","tag-aluguel-de-geradores-para-eventos-valores-2","tag-aluguel-de-geradores-para-eventos-vantagens","tag-aluguel-de-geradores-para-eventos-valores","tag-onde-contratar-servicos-de-locacao-de-geradores-para-eventos","tag-valores-do-aluguel-de-geradores","tag-vantagens-do-aluguel-de-geradores-para-eventos","latest_post"],"yoast_head":"<!-- This site is optimized with the Yoast SEO plugin v25.3 - https:\/\/yoast.com\/wordpress\/plugins\/seo\/ -->\n<title>Aluguel de geradores para eventos: valores, vantagens e onde contratar - Armec\u00e2nica<\/title>\n<meta name=\"description\" content=\"Saiba mais sobre o servi\u00e7o de aluguel de geradores para eventos e quais seus benef\u00edcios; conhe\u00e7a tamb\u00e9m dicas para saber onde contratar!\" \/>\n<meta name=\"robots\" content=\"index, follow, max-snippet:-1, max-image-preview:large, max-video-preview:-1\" \/>\n<link rel=\"canonical\" href=\"https:\/\/www.armecanica.com.br\/blog\/geradores-eletricos\/aluguel-de-geradores-para-eventos-valores-vantagens-e-onde-contratar\/\" \/>\n<meta property=\"og:locale\" content=\"pt_BR\" \/>\n<meta property=\"og:type\" content=\"article\" \/>\n<meta property=\"og:title\" content=\"Aluguel de geradores para eventos: valores, vantagens e onde contratar - Armec\u00e2nica\" \/>\n<meta property=\"og:description\" content=\"Saiba mais sobre o servi\u00e7o de aluguel de geradores para eventos e quais seus benef\u00edcios; conhe\u00e7a tamb\u00e9m dicas para saber onde contratar!\" \/>\n<meta property=\"og:url\" content=\"https:\/\/www.armecanica.com.br\/blog\/geradores-eletricos\/aluguel-de-geradores-para-eventos-valores-vantagens-e-onde-contratar\/\" \/>\n<meta property=\"og:site_name\" content=\"Armec\u00e2nica\" \/>\n<meta property=\"article:published_time\" content=\"2024-06-19T17:24:49+00:00\" \/>\n<meta property=\"article:modified_time\" content=\"2024-06-19T17:24:51+00:00\" \/>\n<meta property=\"og:image\" content=\"https:\/\/www.armecanica.com.br\/blog\/wp-content\/uploads\/2023\/10\/auditorio-vazio-aguardando-a-grande-apresentacao-gerada-pela-ia-1.jpg\" \/>\n\t<meta property=\"og:image:width\" content=\"1000\" \/>\n\t<meta property=\"og:image:height\" content=\"571\" \/>\n\t<meta property=\"og:image:type\" content=\"image\/jpeg\" \/>\n<meta name=\"author\" content=\"admin\" \/>\n<meta name=\"twitter:card\" content=\"summary_large_image\" \/>\n<meta name=\"twitter:label1\" content=\"Escrito por\" \/>\n\t<meta name=\"twitter:data1\" content=\"admin\" \/>\n\t<meta name=\"twitter:label2\" content=\"Est. tempo de leitura\" \/>\n\t<meta name=\"twitter:data2\" content=\"3 minutos\" \/>\n<script type=\"application\/ld+json\" class=\"yoast-schema-graph\">{\"@context\":\"https:\/\/schema.org\",\"@graph\":[{\"@type\":\"Article\",\"@id\":\"https:\/\/www.armecanica.com.br\/blog\/geradores-eletricos\/aluguel-de-geradores-para-eventos-valores-vantagens-e-onde-contratar\/#article\",\"isPartOf\":{\"@id\":\"https:\/\/www.armecanica.com.br\/blog\/geradores-eletricos\/aluguel-de-geradores-para-eventos-valores-vantagens-e-onde-contratar\/\"},\"author\":{\"name\":\"admin\",\"@id\":\"https:\/\/www.armecanica.com.br\/blog\/#\/schema\/person\/ed0be293dc26f7b6ed2d08b17ae6bdd9\"},\"headline\":\"Aluguel de geradores para eventos: valores, vantagens e onde contratar\",\"datePublished\":\"2024-06-19T17:24:49+00:00\",\"dateModified\":\"2024-06-19T17:24:51+00:00\",\"mainEntityOfPage\":{\"@id\":\"https:\/\/www.armecanica.com.br\/blog\/geradores-eletricos\/aluguel-de-geradores-para-eventos-valores-vantagens-e-onde-contratar\/\"},\"wordCount\":971,\"commentCount\":0,\"publisher\":{\"@id\":\"https:\/\/www.armecanica.com.br\/blog\/#organization\"},\"image\":{\"@id\":\"https:\/\/www.armecanica.com.br\/blog\/geradores-eletricos\/aluguel-de-geradores-para-eventos-valores-vantagens-e-onde-contratar\/#primaryimage\"},\"thumbnailUrl\":\"https:\/\/www.armecanica.com.br\/blog\/wp-content\/uploads\/2023\/10\/auditorio-vazio-aguardando-a-grande-apresentacao-gerada-pela-ia-1.jpg\",\"keywords\":[\"Aluguel de geradores para eventos benef\u00edcios\",\"Aluguel de geradores para eventos pre\u00e7o\",\"Aluguel de geradores para eventos valor\",\"Aluguel de geradores para eventos valores\",\"Aluguel de geradores para eventos vantagens\",\"Aluguel de geradores para eventos: valores\",\"Onde contratar servi\u00e7os de loca\u00e7\u00e3o de geradores para eventos?\",\"Valores do aluguel de geradores\",\"Vantagens do aluguel de geradores para eventos\"],\"articleSection\":[\"Geradores a diesel\",\"Geradores el\u00e9tricos\"],\"inLanguage\":\"pt-BR\",\"potentialAction\":[{\"@type\":\"CommentAction\",\"name\":\"Comment\",\"target\":[\"https:\/\/www.armecanica.com.br\/blog\/geradores-eletricos\/aluguel-de-geradores-para-eventos-valores-vantagens-e-onde-contratar\/#respond\"]}]},{\"@type\":\"WebPage\",\"@id\":\"https:\/\/www.armecanica.com.br\/blog\/geradores-eletricos\/aluguel-de-geradores-para-eventos-valores-vantagens-e-onde-contratar\/\",\"url\":\"https:\/\/www.armecanica.com.br\/blog\/geradores-eletricos\/aluguel-de-geradores-para-eventos-valores-vantagens-e-onde-contratar\/\",\"name\":\"Aluguel de geradores para eventos: valores, vantagens e onde contratar - Armec\u00e2nica\",\"isPartOf\":{\"@id\":\"https:\/\/www.armecanica.com.br\/blog\/#website\"},\"primaryImageOfPage\":{\"@id\":\"https:\/\/www.armecanica.com.br\/blog\/geradores-eletricos\/aluguel-de-geradores-para-eventos-valores-vantagens-e-onde-contratar\/#primaryimage\"},\"image\":{\"@id\":\"https:\/\/www.armecanica.com.br\/blog\/geradores-eletricos\/aluguel-de-geradores-para-eventos-valores-vantagens-e-onde-contratar\/#primaryimage\"},\"thumbnailUrl\":\"https:\/\/www.armecanica.com.br\/blog\/wp-content\/uploads\/2023\/10\/auditorio-vazio-aguardando-a-grande-apresentacao-gerada-pela-ia-1.jpg\",\"datePublished\":\"2024-06-19T17:24:49+00:00\",\"dateModified\":\"2024-06-19T17:24:51+00:00\",\"description\":\"Saiba mais sobre o servi\u00e7o de aluguel de geradores para eventos e quais seus benef\u00edcios; conhe\u00e7a tamb\u00e9m dicas para saber onde contratar!\",\"breadcrumb\":{\"@id\":\"https:\/\/www.armecanica.com.br\/blog\/geradores-eletricos\/aluguel-de-geradores-para-eventos-valores-vantagens-e-onde-contratar\/#breadcrumb\"},\"inLanguage\":\"pt-BR\",\"potentialAction\":[{\"@type\":\"ReadAction\",\"target\":[\"https:\/\/www.armecanica.com.br\/blog\/geradores-eletricos\/aluguel-de-geradores-para-eventos-valores-vantagens-e-onde-contratar\/\"]}]},{\"@type\":\"ImageObject\",\"inLanguage\":\"pt-BR\",\"@id\":\"https:\/\/www.armecanica.com.br\/blog\/geradores-eletricos\/aluguel-de-geradores-para-eventos-valores-vantagens-e-onde-contratar\/#primaryimage\",\"url\":\"https:\/\/www.armecanica.com.br\/blog\/wp-content\/uploads\/2023\/10\/auditorio-vazio-aguardando-a-grande-apresentacao-gerada-pela-ia-1.jpg\",\"contentUrl\":\"https:\/\/www.armecanica.com.br\/blog\/wp-content\/uploads\/2023\/10\/auditorio-vazio-aguardando-a-grande-apresentacao-gerada-pela-ia-1.jpg\",\"width\":1000,\"height\":571,\"caption\":\"Aluguel de geradores para eventos: valores, vantagens e onde contratar\"},{\"@type\":\"BreadcrumbList\",\"@id\":\"https:\/\/www.armecanica.com.br\/blog\/geradores-eletricos\/aluguel-de-geradores-para-eventos-valores-vantagens-e-onde-contratar\/#breadcrumb\",\"itemListElement\":[{\"@type\":\"ListItem\",\"position\":1,\"name\":\"In\u00edcio\",\"item\":\"https:\/\/www.armecanica.com.br\/blog\/\"},{\"@type\":\"ListItem\",\"position\":2,\"name\":\"Aluguel de geradores para eventos: valores, vantagens e onde contratar\"}]},{\"@type\":\"WebSite\",\"@id\":\"https:\/\/www.armecanica.com.br\/blog\/#website\",\"url\":\"https:\/\/www.armecanica.com.br\/blog\/\",\"name\":\"Armec\u00e2nica\",\"description\":\"Blog\",\"publisher\":{\"@id\":\"https:\/\/www.armecanica.com.br\/blog\/#organization\"},\"potentialAction\":[{\"@type\":\"SearchAction\",\"target\":{\"@type\":\"EntryPoint\",\"urlTemplate\":\"https:\/\/www.armecanica.com.br\/blog\/?s={search_term_string}\"},\"query-input\":{\"@type\":\"PropertyValueSpecification\",\"valueRequired\":true,\"valueName\":\"search_term_string\"}}],\"inLanguage\":\"pt-BR\"},{\"@type\":\"Organization\",\"@id\":\"https:\/\/www.armecanica.com.br\/blog\/#organization\",\"name\":\"Armec\u00e2nica\",\"url\":\"https:\/\/www.armecanica.com.br\/blog\/\",\"logo\":{\"@type\":\"ImageObject\",\"inLanguage\":\"pt-BR\",\"@id\":\"https:\/\/www.armecanica.com.br\/blog\/#\/schema\/logo\/image\/\",\"url\":\"https:\/\/www.armecanica.com.br\/blog\/wp-content\/uploads\/2022\/04\/cropped-cropped-logo-armecanica.jpg\",\"contentUrl\":\"https:\/\/www.armecanica.com.br\/blog\/wp-content\/uploads\/2022\/04\/cropped-cropped-logo-armecanica.jpg\",\"width\":415,\"height\":74,\"caption\":\"Armec\u00e2nica\"},\"image\":{\"@id\":\"https:\/\/www.armecanica.com.br\/blog\/#\/schema\/logo\/image\/\"}},{\"@type\":\"Person\",\"@id\":\"https:\/\/www.armecanica.com.br\/blog\/#\/schema\/person\/ed0be293dc26f7b6ed2d08b17ae6bdd9\",\"name\":\"admin\",\"image\":{\"@type\":\"ImageObject\",\"inLanguage\":\"pt-BR\",\"@id\":\"https:\/\/www.armecanica.com.br\/blog\/#\/schema\/person\/image\/\",\"url\":\"https:\/\/secure.gravatar.com\/avatar\/e93b0e09c568d39fb51bb3bc837bb35875be86f2ef231a93496eb0b414707787?s=96&d=mm&r=g\",\"contentUrl\":\"https:\/\/secure.gravatar.com\/avatar\/e93b0e09c568d39fb51bb3bc837bb35875be86f2ef231a93496eb0b414707787?s=96&d=mm&r=g\",\"caption\":\"admin\"},\"sameAs\":[\"https:\/\/www.armecanica.com.br\/blog\"],\"url\":\"https:\/\/www.armecanica.com.br\/blog\/author\/admin\/\"}]}<\/script>\n<!-- \/ Yoast SEO plugin. -->","yoast_head_json":{"title":"Aluguel de geradores para eventos: valores, vantagens e onde contratar - Armec\u00e2nica","description":"Saiba mais sobre o servi\u00e7o de aluguel de geradores para eventos e quais seus benef\u00edcios; conhe\u00e7a tamb\u00e9m dicas para saber onde contratar!","robots":{"index":"index","follow":"follow","max-snippet":"max-snippet:-1","max-image-preview":"max-image-preview:large","max-video-preview":"max-video-preview:-1"},"canonical":"https:\/\/www.armecanica.com.br\/blog\/geradores-eletricos\/aluguel-de-geradores-para-eventos-valores-vantagens-e-onde-contratar\/","og_locale":"pt_BR","og_type":"article","og_title":"Aluguel de geradores para eventos: valores, vantagens e onde contratar - Armec\u00e2nica","og_description":"Saiba mais sobre o servi\u00e7o de aluguel de geradores para eventos e quais seus benef\u00edcios; conhe\u00e7a tamb\u00e9m dicas para saber onde contratar!","og_url":"https:\/\/www.armecanica.com.br\/blog\/geradores-eletricos\/aluguel-de-geradores-para-eventos-valores-vantagens-e-onde-contratar\/","og_site_name":"Armec\u00e2nica","article_published_time":"2024-06-19T17:24:49+00:00","article_modified_time":"2024-06-19T17:24:51+00:00","og_image":[{"width":1000,"height":571,"url":"https:\/\/www.armecanica.com.br\/blog\/wp-content\/uploads\/2023\/10\/auditorio-vazio-aguardando-a-grande-apresentacao-gerada-pela-ia-1.jpg","type":"image\/jpeg"}],"author":"admin","twitter_card":"summary_large_image","twitter_misc":{"Escrito por":"admin","Est. tempo de leitura":"3 minutos"},"schema":{"@context":"https:\/\/schema.org","@graph":[{"@type":"Article","@id":"https:\/\/www.armecanica.com.br\/blog\/geradores-eletricos\/aluguel-de-geradores-para-eventos-valores-vantagens-e-onde-contratar\/#article","isPartOf":{"@id":"https:\/\/www.armecanica.com.br\/blog\/geradores-eletricos\/aluguel-de-geradores-para-eventos-valores-vantagens-e-onde-contratar\/"},"author":{"name":"admin","@id":"https:\/\/www.armecanica.com.br\/blog\/#\/schema\/person\/ed0be293dc26f7b6ed2d08b17ae6bdd9"},"headline":"Aluguel de geradores para eventos: valores, vantagens e onde contratar","datePublished":"2024-06-19T17:24:49+00:00","dateModified":"2024-06-19T17:24:51+00:00","mainEntityOfPage":{"@id":"https:\/\/www.armecanica.com.br\/blog\/geradores-eletricos\/aluguel-de-geradores-para-eventos-valores-vantagens-e-onde-contratar\/"},"wordCount":971,"commentCount":0,"publisher":{"@id":"https:\/\/www.armecanica.com.br\/blog\/#organization"},"image":{"@id":"https:\/\/www.armecanica.com.br\/blog\/geradores-eletricos\/aluguel-de-geradores-para-eventos-valores-vantagens-e-onde-contratar\/#primaryimage"},"thumbnailUrl":"https:\/\/www.armecanica.com.br\/blog\/wp-content\/uploads\/2023\/10\/auditorio-vazio-aguardando-a-grande-apresentacao-gerada-pela-ia-1.jpg","keywords":["Aluguel de geradores para eventos benef\u00edcios","Aluguel de geradores para eventos pre\u00e7o","Aluguel de geradores para eventos valor","Aluguel de geradores para eventos valores","Aluguel de geradores para eventos vantagens","Aluguel de geradores para eventos: valores","Onde contratar servi\u00e7os de loca\u00e7\u00e3o de geradores para eventos?","Valores do aluguel de geradores","Vantagens do aluguel de geradores para eventos"],"articleSection":["Geradores a diesel","Geradores el\u00e9tricos"],"inLanguage":"pt-BR","potentialAction":[{"@type":"CommentAction","name":"Comment","target":["https:\/\/www.armecanica.com.br\/blog\/geradores-eletricos\/aluguel-de-geradores-para-eventos-valores-vantagens-e-onde-contratar\/#respond"]}]},{"@type":"WebPage","@id":"https:\/\/www.armecanica.com.br\/blog\/geradores-eletricos\/aluguel-de-geradores-para-eventos-valores-vantagens-e-onde-contratar\/","url":"https:\/\/www.armecanica.com.br\/blog\/geradores-eletricos\/aluguel-de-geradores-para-eventos-valores-vantagens-e-onde-contratar\/","name":"Aluguel de geradores para eventos: valores, vantagens e onde contratar - Armec\u00e2nica","isPartOf":{"@id":"https:\/\/www.armecanica.com.br\/blog\/#website"},"primaryImageOfPage":{"@id":"https:\/\/www.armecanica.com.br\/blog\/geradores-eletricos\/aluguel-de-geradores-para-eventos-valores-vantagens-e-onde-contratar\/#primaryimage"},"image":{"@id":"https:\/\/www.armecanica.com.br\/blog\/geradores-eletricos\/aluguel-de-geradores-para-eventos-valores-vantagens-e-onde-contratar\/#primaryimage"},"thumbnailUrl":"https:\/\/www.armecanica.com.br\/blog\/wp-content\/uploads\/2023\/10\/auditorio-vazio-aguardando-a-grande-apresentacao-gerada-pela-ia-1.jpg","datePublished":"2024-06-19T17:24:49+00:00","dateModified":"2024-06-19T17:24:51+00:00","description":"Saiba mais sobre o servi\u00e7o de aluguel de geradores para eventos e quais seus benef\u00edcios; conhe\u00e7a tamb\u00e9m dicas para saber onde contratar!","breadcrumb":{"@id":"https:\/\/www.armecanica.com.br\/blog\/geradores-eletricos\/aluguel-de-geradores-para-eventos-valores-vantagens-e-onde-contratar\/#breadcrumb"},"inLanguage":"pt-BR","potentialAction":[{"@type":"ReadAction","target":["https:\/\/www.armecanica.com.br\/blog\/geradores-eletricos\/aluguel-de-geradores-para-eventos-valores-vantagens-e-onde-contratar\/"]}]},{"@type":"ImageObject","inLanguage":"pt-BR","@id":"https:\/\/www.armecanica.com.br\/blog\/geradores-eletricos\/aluguel-de-geradores-para-eventos-valores-vantagens-e-onde-contratar\/#primaryimage","url":"https:\/\/www.armecanica.com.br\/blog\/wp-content\/uploads\/2023\/10\/auditorio-vazio-aguardando-a-grande-apresentacao-gerada-pela-ia-1.jpg","contentUrl":"https:\/\/www.armecanica.com.br\/blog\/wp-content\/uploads\/2023\/10\/auditorio-vazio-aguardando-a-grande-apresentacao-gerada-pela-ia-1.jpg","width":1000,"height":571,"caption":"Aluguel de geradores para eventos: valores, vantagens e onde contratar"},{"@type":"BreadcrumbList","@id":"https:\/\/www.armecanica.com.br\/blog\/geradores-eletricos\/aluguel-de-geradores-para-eventos-valores-vantagens-e-onde-contratar\/#breadcrumb","itemListElement":[{"@type":"ListItem","position":1,"name":"In\u00edcio","item":"https:\/\/www.armecanica.com.br\/blog\/"},{"@type":"ListItem","position":2,"name":"Aluguel de geradores para eventos: valores, vantagens e onde contratar"}]},{"@type":"WebSite","@id":"https:\/\/www.armecanica.com.br\/blog\/#website","url":"https:\/\/www.armecanica.com.br\/blog\/","name":"Armec\u00e2nica","description":"Blog","publisher":{"@id":"https:\/\/www.armecanica.com.br\/blog\/#organization"},"potentialAction":[{"@type":"SearchAction","target":{"@type":"EntryPoint","urlTemplate":"https:\/\/www.armecanica.com.br\/blog\/?s={search_term_string}"},"query-input":{"@type":"PropertyValueSpecification","valueRequired":true,"valueName":"search_term_string"}}],"inLanguage":"pt-BR"},{"@type":"Organization","@id":"https:\/\/www.armecanica.com.br\/blog\/#organization","name":"Armec\u00e2nica","url":"https:\/\/www.armecanica.com.br\/blog\/","logo":{"@type":"ImageObject","inLanguage":"pt-BR","@id":"https:\/\/www.armecanica.com.br\/blog\/#\/schema\/logo\/image\/","url":"https:\/\/www.armecanica.com.br\/blog\/wp-content\/uploads\/2022\/04\/cropped-cropped-logo-armecanica.jpg","contentUrl":"https:\/\/www.armecanica.com.br\/blog\/wp-content\/uploads\/2022\/04\/cropped-cropped-logo-armecanica.jpg","width":415,"height":74,"caption":"Armec\u00e2nica"},"image":{"@id":"https:\/\/www.armecanica.com.br\/blog\/#\/schema\/logo\/image\/"}},{"@type":"Person","@id":"https:\/\/www.armecanica.com.br\/blog\/#\/schema\/person\/ed0be293dc26f7b6ed2d08b17ae6bdd9","name":"admin","image":{"@type":"ImageObject","inLanguage":"pt-BR","@id":"https:\/\/www.armecanica.com.br\/blog\/#\/schema\/person\/image\/","url":"https:\/\/secure.gravatar.com\/avatar\/e93b0e09c568d39fb51bb3bc837bb35875be86f2ef231a93496eb0b414707787?s=96&d=mm&r=g","contentUrl":"https:\/\/secure.gravatar.com\/avatar\/e93b0e09c568d39fb51bb3bc837bb35875be86f2ef231a93496eb0b414707787?s=96&d=mm&r=g","caption":"admin"},"sameAs":["https:\/\/www.armecanica.com.br\/blog"],"url":"https:\/\/www.armecanica.com.br\/blog\/author\/admin\/"}]}},"_links":{"self":[{"href":"https:\/\/www.armecanica.com.br\/blog\/wp-json\/wp\/v2\/posts\/68","targetHints":{"allow":["GET"]}}],"collection":[{"href":"https:\/\/www.armecanica.com.br\/blog\/wp-json\/wp\/v2\/posts"}],"about":[{"href":"https:\/\/www.armecanica.com.br\/blog\/wp-json\/wp\/v2\/types\/post"}],"author":[{"embeddable":true,"href":"https:\/\/www.armecanica.com.br\/blog\/wp-json\/wp\/v2\/users\/1"}],"replies":[{"embeddable":true,"href":"https:\/\/www.armecanica.com.br\/blog\/wp-json\/wp\/v2\/comments?post=68"}],"version-history":[{"count":4,"href":"https:\/\/www.armecanica.com.br\/blog\/wp-json\/wp\/v2\/posts\/68\/revisions"}],"predecessor-version":[{"id":382,"href":"https:\/\/www.armecanica.com.br\/blog\/wp-json\/wp\/v2\/posts\/68\/revisions\/382"}],"wp:featuredmedia":[{"embeddable":true,"href":"https:\/\/www.armecanica.com.br\/blog\/wp-json\/wp\/v2\/media\/329"}],"wp:attachment":[{"href":"https:\/\/www.armecanica.com.br\/blog\/wp-json\/wp\/v2\/media?parent=68"}],"wp:term":[{"taxonomy":"category","embeddable":true,"href":"https:\/\/www.armecanica.com.br\/blog\/wp-json\/wp\/v2\/categories?post=68"},{"taxonomy":"post_tag","embeddable":true,"href":"https:\/\/www.armecanica.com.br\/blog\/wp-json\/wp\/v2\/tags?post=68"}],"curies":[{"name":"wp","href":"https:\/\/api.w.org\/{rel}","templated":true}]}}