{"id":48,"date":"2021-10-12T17:22:00","date_gmt":"2021-10-12T20:22:00","guid":{"rendered":"https:\/\/www.armecanica.com.br\/blog\/?p=48"},"modified":"2023-10-25T11:14:05","modified_gmt":"2023-10-25T14:14:05","slug":"por-que-investir-na-locacao-de-cabos-eletricos-conheca-as-vantagens","status":"publish","type":"post","link":"https:\/\/www.armecanica.com.br\/blog\/locacao-de-equipamentos\/por-que-investir-na-locacao-de-cabos-eletricos-conheca-as-vantagens\/","title":{"rendered":"Por que investir na loca\u00e7\u00e3o de cabos el\u00e9tricos? Conhe\u00e7a as vantagens!"},"content":{"rendered":"<span class=\"span-reading-time rt-reading-time\" style=\"display: block;\"><span class=\"rt-label rt-prefix\">Tempo de leitura: <\/span> <span class=\"rt-time\"> 3<\/span> <span class=\"rt-label rt-postfix\">minutos<\/span><\/span>\n<div id=\"ez-toc-container\" class=\"ez-toc-v2_0_75 counter-hierarchy ez-toc-counter ez-toc-grey ez-toc-container-direction\">\n<div class=\"ez-toc-title-container\">\n<p class=\"ez-toc-title\" style=\"cursor:inherit\">O que abordaremos neste artigo:<\/p>\n<span class=\"ez-toc-title-toggle\"><a href=\"#\" class=\"ez-toc-pull-right ez-toc-btn ez-toc-btn-xs ez-toc-btn-default ez-toc-toggle\" aria-label=\"Alternar tabela de conte\u00fado\"><span class=\"ez-toc-js-icon-con\"><span class=\"\"><span class=\"eztoc-hide\" style=\"display:none;\">Toggle<\/span><span class=\"ez-toc-icon-toggle-span\"><svg style=\"fill: #999;color:#999\" xmlns=\"http:\/\/www.w3.org\/2000\/svg\" class=\"list-377408\" width=\"20px\" height=\"20px\" viewBox=\"0 0 24 24\" fill=\"none\"><path d=\"M6 6H4v2h2V6zm14 0H8v2h12V6zM4 11h2v2H4v-2zm16 0H8v2h12v-2zM4 16h2v2H4v-2zm16 0H8v2h12v-2z\" fill=\"currentColor\"><\/path><\/svg><svg style=\"fill: #999;color:#999\" class=\"arrow-unsorted-368013\" xmlns=\"http:\/\/www.w3.org\/2000\/svg\" width=\"10px\" height=\"10px\" viewBox=\"0 0 24 24\" version=\"1.2\" baseProfile=\"tiny\"><path d=\"M18.2 9.3l-6.2-6.3-6.2 6.3c-.2.2-.3.4-.3.7s.1.5.3.7c.2.2.4.3.7.3h11c.3 0 .5-.1.7-.3.2-.2.3-.5.3-.7s-.1-.5-.3-.7zM5.8 14.7l6.2 6.3 6.2-6.3c.2-.2.3-.5.3-.7s-.1-.5-.3-.7c-.2-.2-.4-.3-.7-.3h-11c-.3 0-.5.1-.7.3-.2.2-.3.5-.3.7s.1.5.3.7z\"\/><\/svg><\/span><\/span><\/span><\/a><\/span><\/div>\n<nav><ul class='ez-toc-list ez-toc-list-level-1 ' ><ul class='ez-toc-list-level-3' ><li class='ez-toc-heading-level-3'><a class=\"ez-toc-link ez-toc-heading-1\" href=\"https:\/\/www.armecanica.com.br\/blog\/locacao-de-equipamentos\/por-que-investir-na-locacao-de-cabos-eletricos-conheca-as-vantagens\/#Saiba_mais_sobre_os_beneficios_da_locacao_de_cabos_eletricos_e_por_que_voce_deveria_investir_nesse_tipo_de_servico\" >Saiba mais sobre os benef\u00edcios da loca\u00e7\u00e3o de cabos el\u00e9tricos e por que voc\u00ea deveria investir nesse tipo de servi\u00e7o<\/a><\/li><\/ul><\/li><li class='ez-toc-page-1 ez-toc-heading-level-2'><a class=\"ez-toc-link ez-toc-heading-2\" href=\"https:\/\/www.armecanica.com.br\/blog\/locacao-de-equipamentos\/por-que-investir-na-locacao-de-cabos-eletricos-conheca-as-vantagens\/#Saiba_por_que_investir_em_locacao_de_cabos_eletricos\" >Saiba por que investir em loca\u00e7\u00e3o de cabos el\u00e9tricos<\/a><\/li><li class='ez-toc-page-1 ez-toc-heading-level-2'><a class=\"ez-toc-link ez-toc-heading-3\" href=\"https:\/\/www.armecanica.com.br\/blog\/locacao-de-equipamentos\/por-que-investir-na-locacao-de-cabos-eletricos-conheca-as-vantagens\/#Economia\" >Economia<\/a><\/li><li class='ez-toc-page-1 ez-toc-heading-level-2'><a class=\"ez-toc-link ez-toc-heading-4\" href=\"https:\/\/www.armecanica.com.br\/blog\/locacao-de-equipamentos\/por-que-investir-na-locacao-de-cabos-eletricos-conheca-as-vantagens\/#Custo-beneficio\" >Custo-benef\u00edcio<\/a><\/li><li class='ez-toc-page-1 ez-toc-heading-level-2'><a class=\"ez-toc-link ez-toc-heading-5\" href=\"https:\/\/www.armecanica.com.br\/blog\/locacao-de-equipamentos\/por-que-investir-na-locacao-de-cabos-eletricos-conheca-as-vantagens\/#Variedade_de_cabos\" >Variedade de cabos<\/a><\/li><li class='ez-toc-page-1 ez-toc-heading-level-2'><a class=\"ez-toc-link ez-toc-heading-6\" href=\"https:\/\/www.armecanica.com.br\/blog\/locacao-de-equipamentos\/por-que-investir-na-locacao-de-cabos-eletricos-conheca-as-vantagens\/#Outras_vantagens\" >Outras vantagens<\/a><\/li><\/ul><\/nav><\/div>\n<h3 class=\"wp-block-heading\"><span class=\"ez-toc-section\" id=\"Saiba_mais_sobre_os_beneficios_da_locacao_de_cabos_eletricos_e_por_que_voce_deveria_investir_nesse_tipo_de_servico\"><\/span><em>Saiba mais sobre os benef\u00edcios da loca\u00e7\u00e3o de cabos el\u00e9tricos e por que voc\u00ea deveria investir nesse tipo de servi\u00e7o<\/em><span class=\"ez-toc-section-end\"><\/span><\/h3>\n\n\n\n<p>Os cabos el\u00e9tricos s\u00e3o itens extremamente comuns em diferentes aplica\u00e7\u00f5es e estruturas. Afinal, s\u00e3o produtos usados \u200b\u200bpara transportar corrente el\u00e9trica, algo t\u00e3o essencial em nossas rotinas. Por conta dessa necessidade de t\u00ea-los no dia a dia, uma d\u00favida geralmente vem \u00e0 tona: comprar ou investir na loca\u00e7\u00e3o de cabos el\u00e9tricos?&nbsp;<\/p>\n\n\n\n<p>Essa d\u00favida \u00e9 bastante comum e gera uma s\u00e9rie de questionamentos. A resposta, portanto, com certeza ir\u00e1 ajud\u00e1-lo a tomar a melhor decis\u00e3o poss\u00edvel. Tendo isso em mente, no artigo de hoje falaremos mais sobre o aluguel de cabos el\u00e9tricos e suas vantagens. Confira!<\/p>\n\n\n\n<h2 class=\"wp-block-heading\"><span class=\"ez-toc-section\" id=\"Saiba_por_que_investir_em_locacao_de_cabos_eletricos\"><\/span>Saiba por que investir em loca\u00e7\u00e3o de cabos el\u00e9tricos<span class=\"ez-toc-section-end\"><\/span><\/h2>\n\n\n\n<p><a href=\"https:\/\/www.armecanica.com.br\/locacao-de-cabos-eletricos\" target=\"_blank\" rel=\"noreferrer noopener\">Aluguel de cabos el\u00e9tricos<\/a> pode soar um pouco estranho, n\u00e3o \u00e9 mesmo? Mas, a verdade \u00e9 que esse servi\u00e7o tem se tornado uma tend\u00eancia.&nbsp;<\/p>\n\n\n<div class=\"wp-block-image is-style-rounded\">\n<figure class=\"alignright size-full is-resized\"><img loading=\"lazy\" decoding=\"async\" width=\"600\" height=\"400\" src=\"https:\/\/www.armecanica.com.br\/blog\/wp-content\/uploads\/2021\/09\/locacao-de-cabos-eletricos.jpg\" alt=\"Por que investir na loca\u00e7\u00e3o de cabos el\u00e9tricos? Conhe\u00e7a as vantagens!\" class=\"wp-image-49\" style=\"width:300px;height:200px\" srcset=\"https:\/\/www.armecanica.com.br\/blog\/wp-content\/uploads\/2021\/09\/locacao-de-cabos-eletricos.jpg 600w, https:\/\/www.armecanica.com.br\/blog\/wp-content\/uploads\/2021\/09\/locacao-de-cabos-eletricos-300x200.jpg 300w\" sizes=\"auto, (max-width: 600px) 100vw, 600px\" \/><\/figure>\n<\/div>\n\n\n<p>Isso porque cresce o n\u00famero de atividades e trabalhos que precisam apenas temporariamente de cabos el\u00e9tricos.&nbsp;<\/p>\n\n\n\n<p>Portanto, se o servi\u00e7o \u00e9 tempor\u00e1rio, por que comprar cabos el\u00e9tricos de forma definitiva?&nbsp;<\/p>\n\n\n\n<p>Alicer\u00e7ado nesse questionamento que a loca\u00e7\u00e3o de cabos cresceu, oferecendo uma s\u00e9rie de vantagens, as quais voc\u00ea conhece agora!<\/p>\n\n\n\n<ul class=\"wp-block-list\">\n<li><a href=\"https:\/\/www.armecanica.com.br\/blog\/2021\/09\/06\/o-que-e-um-quadro-de-energia-e-qual-sua-importancia\/\" target=\"_blank\" rel=\"noreferrer noopener\">O que \u00e9 um quadro de energia e qual sua import\u00e2ncia?<\/a><\/li>\n<\/ul>\n\n\n\n<h2 class=\"wp-block-heading\"><span class=\"ez-toc-section\" id=\"Economia\"><\/span>Economia<span class=\"ez-toc-section-end\"><\/span><\/h2>\n\n\n\n<p>A economia \u00e9 a principal vantagem atrelada \u00e0 loca\u00e7\u00e3o de cabos el\u00e9tricos. Isso porque, naturalmente, <strong>sai mais em conta alugar que comprar<\/strong>.&nbsp;<\/p>\n\n\n\n<p>Se voc\u00ea for usar os cabos por um per\u00edodo determinado e, ap\u00f3s o uso, os cabos n\u00e3o ter\u00e3o qualquer serventia, sem d\u00favida o aluguel \u00e9 a op\u00e7\u00e3o mais consciente, uma vez que voc\u00ea ir\u00e1 pagar somente pelo tempo de uso, que, via de regra, sai mais barato que a compra dos cabos.&nbsp;<\/p>\n\n\n\n<p>Por isso, o aluguel de cabos el\u00e9tricos \u00e9 t\u00e3o vantajoso, pois <strong>supre perfeitamente as necessidades dos clientes ao passo que oferece tamb\u00e9m mais economia<\/strong> ao evitar a compra desse tipo de produto.&nbsp;<\/p>\n\n\n\n<ul class=\"wp-block-list\">\n<li><a href=\"https:\/\/www.armecanica.com.br\/blog\/2021\/08\/03\/locacao-de-ferramentas-pneumaticas-conheca-as-vantagens\/\" target=\"_blank\" rel=\"noreferrer noopener\">Loca\u00e7\u00e3o de ferramentas pneum\u00e1ticas: vantagens&nbsp;<\/a><\/li>\n<\/ul>\n\n\n\n<h2 class=\"wp-block-heading\"><span class=\"ez-toc-section\" id=\"Custo-beneficio\"><\/span>Custo-benef\u00edcio<span class=\"ez-toc-section-end\"><\/span><\/h2>\n\n\n\n<p>Ainda falando um pouco sobre a parte financeira, o aluguel de cabos el\u00e9tricos \u00e9 conhecido por ter um excelente custo-benef\u00edcio. Afinal, voc\u00ea paga um valor mais em conta, se comparado \u00e0 compra dos cabos, e recebe produtos de alta qualidade.&nbsp;<\/p>\n\n\n\n<p>Isto \u00e9, temos o melhor dos dois mundos: <strong>pre\u00e7os menores e qualidade alta<\/strong>.&nbsp;<\/p>\n\n\n\n<h2 class=\"wp-block-heading\"><span class=\"ez-toc-section\" id=\"Variedade_de_cabos\"><\/span>Variedade de cabos<span class=\"ez-toc-section-end\"><\/span><\/h2>\n\n\n\n<p>Engana-se quem pensa que a loca\u00e7\u00e3o de cabos el\u00e9tricos n\u00e3o oferece uma boa variedade de produtos.&nbsp;<\/p>\n\n\n\n<p>A Armec\u00e2nica, por exemplo, fornece cabos el\u00e9tricos flex\u00edveis 750V Soldaflex, Cobreflex, Sil, entre outras marcas conhecidas no mercado pela boa qualidade nos produtos e pela seguran\u00e7a. Al\u00e9m disso, s\u00e3o colocadas \u00e0 disposi\u00e7\u00e3o bitolas de 16mm, 25mm, 50mm, 70mm, 95mm, 120mm, 240mm e 300mm.<\/p>\n\n\n\n<p>Ou seja, <strong>por meio do aluguel de cabos el\u00e9tricos voc\u00ea tem uma boa variedade de cabos<\/strong>, podendo escolher o modelo mais adequado \u00e0s suas necessidades.<\/p>\n\n\n\n<h2 class=\"wp-block-heading\"><span class=\"ez-toc-section\" id=\"Outras_vantagens\"><\/span>Outras vantagens<span class=\"ez-toc-section-end\"><\/span><\/h2>\n\n\n\n<p>A loca\u00e7\u00e3o de cabos el\u00e9tricos tamb\u00e9m inclui o manuseio e manuten\u00e7\u00e3o por parte da empresa locadora, o que, obviamente, reduz custos e aumenta ainda mais os benef\u00edcios do servi\u00e7o.<\/p>\n\n\n\n<p>Percebe como a loca\u00e7\u00e3o de geradores oferece uma ampla gama de vantagens? Ent\u00e3o, se estiver em d\u00favidas, n\u00e3o pense duas vezes: invista nesse tipo de servi\u00e7o.&nbsp;<\/p>\n\n\n\n<p>Gostou do artigo? Ent\u00e3o, acompanhe o blog da Armec\u00e2nica para ler mais conte\u00fado como este. Nos vemos em breve!&nbsp;<\/p>\n\n\n\n<ul class=\"wp-block-list\">\n<li><a href=\"https:\/\/www.armecanica.com.br\/blog\/2021\/08\/16\/compressor-a-diesel-o-que-e-para-que-serve-e-quais-as-vantagens\/\" target=\"_blank\" rel=\"noreferrer noopener\">Compressor a diesel: o que \u00e9, para que serve e quais as vantagens<\/a><\/li>\n<\/ul>\n","protected":false},"excerpt":{"rendered":"<p>Saiba mais sobre os benef\u00edcios da loca\u00e7\u00e3o de cabos el\u00e9tricos e por que voc\u00ea deveria investir nesse tipo de servi\u00e7o Os cabos el\u00e9tricos s\u00e3o itens extremamente comuns em diferentes aplica\u00e7\u00f5es e estruturas. Afinal, s\u00e3o produtos usados \u200b\u200bpara transportar corrente el\u00e9trica, algo t\u00e3o essencial em nossas rotinas. Por conta dessa necessidade de t\u00ea-los no dia a &hellip; <\/p>\n","protected":false},"author":1,"featured_media":316,"comment_status":"open","ping_status":"open","sticky":false,"template":"","format":"standard","meta":{"footnotes":""},"categories":[72],"tags":[81,84,82,83,76,79,80,77,78,86,75,74,73,85],"class_list":["post-48","post","type-post","status-publish","format-standard","has-post-thumbnail","hentry","category-locacao-de-equipamentos","tag-aluguel-de-cabos-eletricos","tag-aluguel-de-cabos-eletricos-em-sp","tag-aluguel-de-cabos-eletricos-preco","tag-aluguel-de-cabos-eletricos-vantagens","tag-locacao-de-cabos-eletricos","tag-locacao-de-cabos-eletricos-beneficios","tag-locacao-de-cabos-eletricos-em-sp","tag-locacao-de-cabos-eletricos-precos","tag-locacao-de-cabos-eletricos-vantagens","tag-onde-alugar-cabos-eletricos","tag-por-que-investir-em-locacao-de-cabos-eletricos","tag-por-que-investir-na-locacao-de-cabos-eletricos","tag-por-que-investir-na-locacao-de-cabos-eletricos-conheca-as-vantagens","tag-vantagens-aluguel-de-cabos-eletricos","latest_post"],"yoast_head":"<!-- This site is optimized with the Yoast SEO plugin v25.3 - https:\/\/yoast.com\/wordpress\/plugins\/seo\/ -->\n<title>Por que investir na loca\u00e7\u00e3o de cabos el\u00e9tricos? Conhe\u00e7a as vantagens! - Armec\u00e2nica<\/title>\n<meta name=\"description\" content=\"Saiba mais sobre os benef\u00edcios da loca\u00e7\u00e3o de cabos el\u00e9tricos e por que voc\u00ea deveria investir nesse tipo de servi\u00e7o!\" \/>\n<meta name=\"robots\" content=\"index, follow, max-snippet:-1, max-image-preview:large, max-video-preview:-1\" \/>\n<link rel=\"canonical\" href=\"https:\/\/www.armecanica.com.br\/blog\/locacao-de-equipamentos\/por-que-investir-na-locacao-de-cabos-eletricos-conheca-as-vantagens\/\" \/>\n<meta property=\"og:locale\" content=\"pt_BR\" \/>\n<meta property=\"og:type\" content=\"article\" \/>\n<meta property=\"og:title\" content=\"Por que investir na loca\u00e7\u00e3o de cabos el\u00e9tricos? Conhe\u00e7a as vantagens! - Armec\u00e2nica\" \/>\n<meta property=\"og:description\" content=\"Saiba mais sobre os benef\u00edcios da loca\u00e7\u00e3o de cabos el\u00e9tricos e por que voc\u00ea deveria investir nesse tipo de servi\u00e7o!\" \/>\n<meta property=\"og:url\" content=\"https:\/\/www.armecanica.com.br\/blog\/locacao-de-equipamentos\/por-que-investir-na-locacao-de-cabos-eletricos-conheca-as-vantagens\/\" \/>\n<meta property=\"og:site_name\" content=\"Armec\u00e2nica\" \/>\n<meta property=\"article:published_time\" content=\"2021-10-12T20:22:00+00:00\" \/>\n<meta property=\"article:modified_time\" content=\"2023-10-25T14:14:05+00:00\" \/>\n<meta property=\"og:image\" content=\"https:\/\/www.armecanica.com.br\/blog\/wp-content\/uploads\/2023\/10\/equipamentos-de-energia-e-tecnologia-de-cabos-eletricos-isolados-no-branco-1.jpg\" \/>\n\t<meta property=\"og:image:width\" content=\"1000\" \/>\n\t<meta property=\"og:image:height\" content=\"667\" \/>\n\t<meta property=\"og:image:type\" content=\"image\/jpeg\" \/>\n<meta name=\"author\" content=\"admin\" \/>\n<meta name=\"twitter:card\" content=\"summary_large_image\" \/>\n<meta name=\"twitter:label1\" content=\"Escrito por\" \/>\n\t<meta name=\"twitter:data1\" content=\"admin\" \/>\n\t<meta name=\"twitter:label2\" content=\"Est. tempo de leitura\" \/>\n\t<meta name=\"twitter:data2\" content=\"3 minutos\" \/>\n<script type=\"application\/ld+json\" class=\"yoast-schema-graph\">{\"@context\":\"https:\/\/schema.org\",\"@graph\":[{\"@type\":\"Article\",\"@id\":\"https:\/\/www.armecanica.com.br\/blog\/locacao-de-equipamentos\/por-que-investir-na-locacao-de-cabos-eletricos-conheca-as-vantagens\/#article\",\"isPartOf\":{\"@id\":\"https:\/\/www.armecanica.com.br\/blog\/locacao-de-equipamentos\/por-que-investir-na-locacao-de-cabos-eletricos-conheca-as-vantagens\/\"},\"author\":{\"name\":\"admin\",\"@id\":\"https:\/\/www.armecanica.com.br\/blog\/#\/schema\/person\/ed0be293dc26f7b6ed2d08b17ae6bdd9\"},\"headline\":\"Por que investir na loca\u00e7\u00e3o de cabos el\u00e9tricos? Conhe\u00e7a as vantagens!\",\"datePublished\":\"2021-10-12T20:22:00+00:00\",\"dateModified\":\"2023-10-25T14:14:05+00:00\",\"mainEntityOfPage\":{\"@id\":\"https:\/\/www.armecanica.com.br\/blog\/locacao-de-equipamentos\/por-que-investir-na-locacao-de-cabos-eletricos-conheca-as-vantagens\/\"},\"wordCount\":638,\"commentCount\":0,\"publisher\":{\"@id\":\"https:\/\/www.armecanica.com.br\/blog\/#organization\"},\"image\":{\"@id\":\"https:\/\/www.armecanica.com.br\/blog\/locacao-de-equipamentos\/por-que-investir-na-locacao-de-cabos-eletricos-conheca-as-vantagens\/#primaryimage\"},\"thumbnailUrl\":\"https:\/\/www.armecanica.com.br\/blog\/wp-content\/uploads\/2023\/10\/equipamentos-de-energia-e-tecnologia-de-cabos-eletricos-isolados-no-branco-1.jpg\",\"keywords\":[\"Aluguel de cabos el\u00e9tricos\",\"Aluguel de cabos el\u00e9tricos em sp\",\"Aluguel de cabos el\u00e9tricos pre\u00e7o\",\"Aluguel de cabos el\u00e9tricos vantagens\",\"loca\u00e7\u00e3o de cabos el\u00e9tricos\",\"loca\u00e7\u00e3o de cabos el\u00e9tricos benef\u00edcios\",\"loca\u00e7\u00e3o de cabos el\u00e9tricos em sp\",\"loca\u00e7\u00e3o de cabos el\u00e9tricos pre\u00e7os\",\"loca\u00e7\u00e3o de cabos el\u00e9tricos vantagens\",\"onde alugar cabos el\u00e9tricos\",\"por que investir em loca\u00e7\u00e3o de cabos el\u00e9tricos\",\"Por que investir na loca\u00e7\u00e3o de cabos el\u00e9tricos\",\"Por que investir na loca\u00e7\u00e3o de cabos el\u00e9tricos? Conhe\u00e7a as vantagens!\",\"vantagens Aluguel de cabos el\u00e9tricos\"],\"articleSection\":[\"Loca\u00e7\u00e3o de equipamentos\"],\"inLanguage\":\"pt-BR\",\"potentialAction\":[{\"@type\":\"CommentAction\",\"name\":\"Comment\",\"target\":[\"https:\/\/www.armecanica.com.br\/blog\/locacao-de-equipamentos\/por-que-investir-na-locacao-de-cabos-eletricos-conheca-as-vantagens\/#respond\"]}]},{\"@type\":\"WebPage\",\"@id\":\"https:\/\/www.armecanica.com.br\/blog\/locacao-de-equipamentos\/por-que-investir-na-locacao-de-cabos-eletricos-conheca-as-vantagens\/\",\"url\":\"https:\/\/www.armecanica.com.br\/blog\/locacao-de-equipamentos\/por-que-investir-na-locacao-de-cabos-eletricos-conheca-as-vantagens\/\",\"name\":\"Por que investir na loca\u00e7\u00e3o de cabos el\u00e9tricos? Conhe\u00e7a as vantagens! - Armec\u00e2nica\",\"isPartOf\":{\"@id\":\"https:\/\/www.armecanica.com.br\/blog\/#website\"},\"primaryImageOfPage\":{\"@id\":\"https:\/\/www.armecanica.com.br\/blog\/locacao-de-equipamentos\/por-que-investir-na-locacao-de-cabos-eletricos-conheca-as-vantagens\/#primaryimage\"},\"image\":{\"@id\":\"https:\/\/www.armecanica.com.br\/blog\/locacao-de-equipamentos\/por-que-investir-na-locacao-de-cabos-eletricos-conheca-as-vantagens\/#primaryimage\"},\"thumbnailUrl\":\"https:\/\/www.armecanica.com.br\/blog\/wp-content\/uploads\/2023\/10\/equipamentos-de-energia-e-tecnologia-de-cabos-eletricos-isolados-no-branco-1.jpg\",\"datePublished\":\"2021-10-12T20:22:00+00:00\",\"dateModified\":\"2023-10-25T14:14:05+00:00\",\"description\":\"Saiba mais sobre os benef\u00edcios da loca\u00e7\u00e3o de cabos el\u00e9tricos e por que voc\u00ea deveria investir nesse tipo de servi\u00e7o!\",\"breadcrumb\":{\"@id\":\"https:\/\/www.armecanica.com.br\/blog\/locacao-de-equipamentos\/por-que-investir-na-locacao-de-cabos-eletricos-conheca-as-vantagens\/#breadcrumb\"},\"inLanguage\":\"pt-BR\",\"potentialAction\":[{\"@type\":\"ReadAction\",\"target\":[\"https:\/\/www.armecanica.com.br\/blog\/locacao-de-equipamentos\/por-que-investir-na-locacao-de-cabos-eletricos-conheca-as-vantagens\/\"]}]},{\"@type\":\"ImageObject\",\"inLanguage\":\"pt-BR\",\"@id\":\"https:\/\/www.armecanica.com.br\/blog\/locacao-de-equipamentos\/por-que-investir-na-locacao-de-cabos-eletricos-conheca-as-vantagens\/#primaryimage\",\"url\":\"https:\/\/www.armecanica.com.br\/blog\/wp-content\/uploads\/2023\/10\/equipamentos-de-energia-e-tecnologia-de-cabos-eletricos-isolados-no-branco-1.jpg\",\"contentUrl\":\"https:\/\/www.armecanica.com.br\/blog\/wp-content\/uploads\/2023\/10\/equipamentos-de-energia-e-tecnologia-de-cabos-eletricos-isolados-no-branco-1.jpg\",\"width\":1000,\"height\":667,\"caption\":\"Por que investir na loca\u00e7\u00e3o de cabos el\u00e9tricos? Conhe\u00e7a as vantagens!\"},{\"@type\":\"BreadcrumbList\",\"@id\":\"https:\/\/www.armecanica.com.br\/blog\/locacao-de-equipamentos\/por-que-investir-na-locacao-de-cabos-eletricos-conheca-as-vantagens\/#breadcrumb\",\"itemListElement\":[{\"@type\":\"ListItem\",\"position\":1,\"name\":\"In\u00edcio\",\"item\":\"https:\/\/www.armecanica.com.br\/blog\/\"},{\"@type\":\"ListItem\",\"position\":2,\"name\":\"Por que investir na loca\u00e7\u00e3o de cabos el\u00e9tricos? Conhe\u00e7a as vantagens!\"}]},{\"@type\":\"WebSite\",\"@id\":\"https:\/\/www.armecanica.com.br\/blog\/#website\",\"url\":\"https:\/\/www.armecanica.com.br\/blog\/\",\"name\":\"Armec\u00e2nica\",\"description\":\"Blog\",\"publisher\":{\"@id\":\"https:\/\/www.armecanica.com.br\/blog\/#organization\"},\"potentialAction\":[{\"@type\":\"SearchAction\",\"target\":{\"@type\":\"EntryPoint\",\"urlTemplate\":\"https:\/\/www.armecanica.com.br\/blog\/?s={search_term_string}\"},\"query-input\":{\"@type\":\"PropertyValueSpecification\",\"valueRequired\":true,\"valueName\":\"search_term_string\"}}],\"inLanguage\":\"pt-BR\"},{\"@type\":\"Organization\",\"@id\":\"https:\/\/www.armecanica.com.br\/blog\/#organization\",\"name\":\"Armec\u00e2nica\",\"url\":\"https:\/\/www.armecanica.com.br\/blog\/\",\"logo\":{\"@type\":\"ImageObject\",\"inLanguage\":\"pt-BR\",\"@id\":\"https:\/\/www.armecanica.com.br\/blog\/#\/schema\/logo\/image\/\",\"url\":\"https:\/\/www.armecanica.com.br\/blog\/wp-content\/uploads\/2022\/04\/cropped-cropped-logo-armecanica.jpg\",\"contentUrl\":\"https:\/\/www.armecanica.com.br\/blog\/wp-content\/uploads\/2022\/04\/cropped-cropped-logo-armecanica.jpg\",\"width\":415,\"height\":74,\"caption\":\"Armec\u00e2nica\"},\"image\":{\"@id\":\"https:\/\/www.armecanica.com.br\/blog\/#\/schema\/logo\/image\/\"}},{\"@type\":\"Person\",\"@id\":\"https:\/\/www.armecanica.com.br\/blog\/#\/schema\/person\/ed0be293dc26f7b6ed2d08b17ae6bdd9\",\"name\":\"admin\",\"image\":{\"@type\":\"ImageObject\",\"inLanguage\":\"pt-BR\",\"@id\":\"https:\/\/www.armecanica.com.br\/blog\/#\/schema\/person\/image\/\",\"url\":\"https:\/\/secure.gravatar.com\/avatar\/e93b0e09c568d39fb51bb3bc837bb35875be86f2ef231a93496eb0b414707787?s=96&d=mm&r=g\",\"contentUrl\":\"https:\/\/secure.gravatar.com\/avatar\/e93b0e09c568d39fb51bb3bc837bb35875be86f2ef231a93496eb0b414707787?s=96&d=mm&r=g\",\"caption\":\"admin\"},\"sameAs\":[\"https:\/\/www.armecanica.com.br\/blog\"],\"url\":\"https:\/\/www.armecanica.com.br\/blog\/author\/admin\/\"}]}<\/script>\n<!-- \/ Yoast SEO plugin. -->","yoast_head_json":{"title":"Por que investir na loca\u00e7\u00e3o de cabos el\u00e9tricos? Conhe\u00e7a as vantagens! - Armec\u00e2nica","description":"Saiba mais sobre os benef\u00edcios da loca\u00e7\u00e3o de cabos el\u00e9tricos e por que voc\u00ea deveria investir nesse tipo de servi\u00e7o!","robots":{"index":"index","follow":"follow","max-snippet":"max-snippet:-1","max-image-preview":"max-image-preview:large","max-video-preview":"max-video-preview:-1"},"canonical":"https:\/\/www.armecanica.com.br\/blog\/locacao-de-equipamentos\/por-que-investir-na-locacao-de-cabos-eletricos-conheca-as-vantagens\/","og_locale":"pt_BR","og_type":"article","og_title":"Por que investir na loca\u00e7\u00e3o de cabos el\u00e9tricos? Conhe\u00e7a as vantagens! - Armec\u00e2nica","og_description":"Saiba mais sobre os benef\u00edcios da loca\u00e7\u00e3o de cabos el\u00e9tricos e por que voc\u00ea deveria investir nesse tipo de servi\u00e7o!","og_url":"https:\/\/www.armecanica.com.br\/blog\/locacao-de-equipamentos\/por-que-investir-na-locacao-de-cabos-eletricos-conheca-as-vantagens\/","og_site_name":"Armec\u00e2nica","article_published_time":"2021-10-12T20:22:00+00:00","article_modified_time":"2023-10-25T14:14:05+00:00","og_image":[{"width":1000,"height":667,"url":"https:\/\/www.armecanica.com.br\/blog\/wp-content\/uploads\/2023\/10\/equipamentos-de-energia-e-tecnologia-de-cabos-eletricos-isolados-no-branco-1.jpg","type":"image\/jpeg"}],"author":"admin","twitter_card":"summary_large_image","twitter_misc":{"Escrito por":"admin","Est. tempo de leitura":"3 minutos"},"schema":{"@context":"https:\/\/schema.org","@graph":[{"@type":"Article","@id":"https:\/\/www.armecanica.com.br\/blog\/locacao-de-equipamentos\/por-que-investir-na-locacao-de-cabos-eletricos-conheca-as-vantagens\/#article","isPartOf":{"@id":"https:\/\/www.armecanica.com.br\/blog\/locacao-de-equipamentos\/por-que-investir-na-locacao-de-cabos-eletricos-conheca-as-vantagens\/"},"author":{"name":"admin","@id":"https:\/\/www.armecanica.com.br\/blog\/#\/schema\/person\/ed0be293dc26f7b6ed2d08b17ae6bdd9"},"headline":"Por que investir na loca\u00e7\u00e3o de cabos el\u00e9tricos? Conhe\u00e7a as vantagens!","datePublished":"2021-10-12T20:22:00+00:00","dateModified":"2023-10-25T14:14:05+00:00","mainEntityOfPage":{"@id":"https:\/\/www.armecanica.com.br\/blog\/locacao-de-equipamentos\/por-que-investir-na-locacao-de-cabos-eletricos-conheca-as-vantagens\/"},"wordCount":638,"commentCount":0,"publisher":{"@id":"https:\/\/www.armecanica.com.br\/blog\/#organization"},"image":{"@id":"https:\/\/www.armecanica.com.br\/blog\/locacao-de-equipamentos\/por-que-investir-na-locacao-de-cabos-eletricos-conheca-as-vantagens\/#primaryimage"},"thumbnailUrl":"https:\/\/www.armecanica.com.br\/blog\/wp-content\/uploads\/2023\/10\/equipamentos-de-energia-e-tecnologia-de-cabos-eletricos-isolados-no-branco-1.jpg","keywords":["Aluguel de cabos el\u00e9tricos","Aluguel de cabos el\u00e9tricos em sp","Aluguel de cabos el\u00e9tricos pre\u00e7o","Aluguel de cabos el\u00e9tricos vantagens","loca\u00e7\u00e3o de cabos el\u00e9tricos","loca\u00e7\u00e3o de cabos el\u00e9tricos benef\u00edcios","loca\u00e7\u00e3o de cabos el\u00e9tricos em sp","loca\u00e7\u00e3o de cabos el\u00e9tricos pre\u00e7os","loca\u00e7\u00e3o de cabos el\u00e9tricos vantagens","onde alugar cabos el\u00e9tricos","por que investir em loca\u00e7\u00e3o de cabos el\u00e9tricos","Por que investir na loca\u00e7\u00e3o de cabos el\u00e9tricos","Por que investir na loca\u00e7\u00e3o de cabos el\u00e9tricos? Conhe\u00e7a as vantagens!","vantagens Aluguel de cabos el\u00e9tricos"],"articleSection":["Loca\u00e7\u00e3o de equipamentos"],"inLanguage":"pt-BR","potentialAction":[{"@type":"CommentAction","name":"Comment","target":["https:\/\/www.armecanica.com.br\/blog\/locacao-de-equipamentos\/por-que-investir-na-locacao-de-cabos-eletricos-conheca-as-vantagens\/#respond"]}]},{"@type":"WebPage","@id":"https:\/\/www.armecanica.com.br\/blog\/locacao-de-equipamentos\/por-que-investir-na-locacao-de-cabos-eletricos-conheca-as-vantagens\/","url":"https:\/\/www.armecanica.com.br\/blog\/locacao-de-equipamentos\/por-que-investir-na-locacao-de-cabos-eletricos-conheca-as-vantagens\/","name":"Por que investir na loca\u00e7\u00e3o de cabos el\u00e9tricos? Conhe\u00e7a as vantagens! - Armec\u00e2nica","isPartOf":{"@id":"https:\/\/www.armecanica.com.br\/blog\/#website"},"primaryImageOfPage":{"@id":"https:\/\/www.armecanica.com.br\/blog\/locacao-de-equipamentos\/por-que-investir-na-locacao-de-cabos-eletricos-conheca-as-vantagens\/#primaryimage"},"image":{"@id":"https:\/\/www.armecanica.com.br\/blog\/locacao-de-equipamentos\/por-que-investir-na-locacao-de-cabos-eletricos-conheca-as-vantagens\/#primaryimage"},"thumbnailUrl":"https:\/\/www.armecanica.com.br\/blog\/wp-content\/uploads\/2023\/10\/equipamentos-de-energia-e-tecnologia-de-cabos-eletricos-isolados-no-branco-1.jpg","datePublished":"2021-10-12T20:22:00+00:00","dateModified":"2023-10-25T14:14:05+00:00","description":"Saiba mais sobre os benef\u00edcios da loca\u00e7\u00e3o de cabos el\u00e9tricos e por que voc\u00ea deveria investir nesse tipo de servi\u00e7o!","breadcrumb":{"@id":"https:\/\/www.armecanica.com.br\/blog\/locacao-de-equipamentos\/por-que-investir-na-locacao-de-cabos-eletricos-conheca-as-vantagens\/#breadcrumb"},"inLanguage":"pt-BR","potentialAction":[{"@type":"ReadAction","target":["https:\/\/www.armecanica.com.br\/blog\/locacao-de-equipamentos\/por-que-investir-na-locacao-de-cabos-eletricos-conheca-as-vantagens\/"]}]},{"@type":"ImageObject","inLanguage":"pt-BR","@id":"https:\/\/www.armecanica.com.br\/blog\/locacao-de-equipamentos\/por-que-investir-na-locacao-de-cabos-eletricos-conheca-as-vantagens\/#primaryimage","url":"https:\/\/www.armecanica.com.br\/blog\/wp-content\/uploads\/2023\/10\/equipamentos-de-energia-e-tecnologia-de-cabos-eletricos-isolados-no-branco-1.jpg","contentUrl":"https:\/\/www.armecanica.com.br\/blog\/wp-content\/uploads\/2023\/10\/equipamentos-de-energia-e-tecnologia-de-cabos-eletricos-isolados-no-branco-1.jpg","width":1000,"height":667,"caption":"Por que investir na loca\u00e7\u00e3o de cabos el\u00e9tricos? Conhe\u00e7a as vantagens!"},{"@type":"BreadcrumbList","@id":"https:\/\/www.armecanica.com.br\/blog\/locacao-de-equipamentos\/por-que-investir-na-locacao-de-cabos-eletricos-conheca-as-vantagens\/#breadcrumb","itemListElement":[{"@type":"ListItem","position":1,"name":"In\u00edcio","item":"https:\/\/www.armecanica.com.br\/blog\/"},{"@type":"ListItem","position":2,"name":"Por que investir na loca\u00e7\u00e3o de cabos el\u00e9tricos? Conhe\u00e7a as vantagens!"}]},{"@type":"WebSite","@id":"https:\/\/www.armecanica.com.br\/blog\/#website","url":"https:\/\/www.armecanica.com.br\/blog\/","name":"Armec\u00e2nica","description":"Blog","publisher":{"@id":"https:\/\/www.armecanica.com.br\/blog\/#organization"},"potentialAction":[{"@type":"SearchAction","target":{"@type":"EntryPoint","urlTemplate":"https:\/\/www.armecanica.com.br\/blog\/?s={search_term_string}"},"query-input":{"@type":"PropertyValueSpecification","valueRequired":true,"valueName":"search_term_string"}}],"inLanguage":"pt-BR"},{"@type":"Organization","@id":"https:\/\/www.armecanica.com.br\/blog\/#organization","name":"Armec\u00e2nica","url":"https:\/\/www.armecanica.com.br\/blog\/","logo":{"@type":"ImageObject","inLanguage":"pt-BR","@id":"https:\/\/www.armecanica.com.br\/blog\/#\/schema\/logo\/image\/","url":"https:\/\/www.armecanica.com.br\/blog\/wp-content\/uploads\/2022\/04\/cropped-cropped-logo-armecanica.jpg","contentUrl":"https:\/\/www.armecanica.com.br\/blog\/wp-content\/uploads\/2022\/04\/cropped-cropped-logo-armecanica.jpg","width":415,"height":74,"caption":"Armec\u00e2nica"},"image":{"@id":"https:\/\/www.armecanica.com.br\/blog\/#\/schema\/logo\/image\/"}},{"@type":"Person","@id":"https:\/\/www.armecanica.com.br\/blog\/#\/schema\/person\/ed0be293dc26f7b6ed2d08b17ae6bdd9","name":"admin","image":{"@type":"ImageObject","inLanguage":"pt-BR","@id":"https:\/\/www.armecanica.com.br\/blog\/#\/schema\/person\/image\/","url":"https:\/\/secure.gravatar.com\/avatar\/e93b0e09c568d39fb51bb3bc837bb35875be86f2ef231a93496eb0b414707787?s=96&d=mm&r=g","contentUrl":"https:\/\/secure.gravatar.com\/avatar\/e93b0e09c568d39fb51bb3bc837bb35875be86f2ef231a93496eb0b414707787?s=96&d=mm&r=g","caption":"admin"},"sameAs":["https:\/\/www.armecanica.com.br\/blog"],"url":"https:\/\/www.armecanica.com.br\/blog\/author\/admin\/"}]}},"_links":{"self":[{"href":"https:\/\/www.armecanica.com.br\/blog\/wp-json\/wp\/v2\/posts\/48","targetHints":{"allow":["GET"]}}],"collection":[{"href":"https:\/\/www.armecanica.com.br\/blog\/wp-json\/wp\/v2\/posts"}],"about":[{"href":"https:\/\/www.armecanica.com.br\/blog\/wp-json\/wp\/v2\/types\/post"}],"author":[{"embeddable":true,"href":"https:\/\/www.armecanica.com.br\/blog\/wp-json\/wp\/v2\/users\/1"}],"replies":[{"embeddable":true,"href":"https:\/\/www.armecanica.com.br\/blog\/wp-json\/wp\/v2\/comments?post=48"}],"version-history":[{"count":3,"href":"https:\/\/www.armecanica.com.br\/blog\/wp-json\/wp\/v2\/posts\/48\/revisions"}],"predecessor-version":[{"id":317,"href":"https:\/\/www.armecanica.com.br\/blog\/wp-json\/wp\/v2\/posts\/48\/revisions\/317"}],"wp:featuredmedia":[{"embeddable":true,"href":"https:\/\/www.armecanica.com.br\/blog\/wp-json\/wp\/v2\/media\/316"}],"wp:attachment":[{"href":"https:\/\/www.armecanica.com.br\/blog\/wp-json\/wp\/v2\/media?parent=48"}],"wp:term":[{"taxonomy":"category","embeddable":true,"href":"https:\/\/www.armecanica.com.br\/blog\/wp-json\/wp\/v2\/categories?post=48"},{"taxonomy":"post_tag","embeddable":true,"href":"https:\/\/www.armecanica.com.br\/blog\/wp-json\/wp\/v2\/tags?post=48"}],"curies":[{"name":"wp","href":"https:\/\/api.w.org\/{rel}","templated":true}]}}