{"id":477,"date":"2026-04-22T16:12:42","date_gmt":"2026-04-22T19:12:42","guid":{"rendered":"https:\/\/www.armecanica.com.br\/blog\/?p=477"},"modified":"2026-04-22T16:12:43","modified_gmt":"2026-04-22T19:12:43","slug":"empresa-de-aluguel-de-compressor-em-cotia-armecanica","status":"publish","type":"post","link":"https:\/\/www.armecanica.com.br\/blog\/locacao-de-equipamentos\/empresa-de-aluguel-de-compressor-em-cotia-armecanica\/","title":{"rendered":"Empresa de aluguel de compressor em Cotia: Armec\u00e2nica"},"content":{"rendered":"<span class=\"span-reading-time rt-reading-time\" style=\"display: block;\"><span class=\"rt-label rt-prefix\">Tempo de leitura: <\/span> <span class=\"rt-time\"> 6<\/span> <span class=\"rt-label rt-postfix\">minutos<\/span><\/span>\n<p class=\"has-medium-font-size\"><em><strong>Aluguel de compressor em Cotia com suporte t\u00e9cnico \u00e1gil para empresas. Conhe\u00e7a a Armec\u00e2nica e saiba quando alugar compressor.<\/strong><\/em><\/p>\n\n\n\n<p>Se a sua empresa precisa manter produtividade sem ampliar custos fixos, o <strong>aluguel de compressor<\/strong> entra como uma solu\u00e7\u00e3o pr\u00e1tica e inteligente. Em vez de imobilizar capital na compra de um equipamento, voc\u00ea ganha flexibilidade para atender demandas espec\u00edficas com mais controle.<\/p>\n\n\n\n<p>Em opera\u00e7\u00f5es que n\u00e3o podem parar, contar com um parceiro confi\u00e1vel faz diferen\u00e7a no dia a dia. Por isso, escolher uma empresa com atendimento t\u00e9cnico dispon\u00edvel n\u00e3o \u00e9 detalhe. \u00c9 um ponto que impacta prazo, seguran\u00e7a e continuidade do trabalho.<\/p>\n\n\n\n<p>Nesse cen\u00e1rio, a <strong>Armec\u00e2nica<\/strong> se destaca em Cotia com loca\u00e7\u00e3o de equipamentos para diferentes segmentos e com um diferencial importante: <strong>assist\u00eancia t\u00e9cnica \u00e0 disposi\u00e7\u00e3o quando o cliente precisar<\/strong>. Portanto, para empresas que valorizam suporte, agilidade e efici\u00eancia, essa escolha se torna estrat\u00e9gica.<\/p>\n\n\n\n<ul class=\"wp-block-list\">\n<li><a href=\"https:\/\/www.armecanica.com.br\/blog\/gerador-de-energia\/empresa-de-aluguel-de-gerador-standby-em-sao-paulo\/\">Empresa de aluguel de gerador standby em S\u00e3o Paulo<\/a><\/li>\n\n\n\n<li><a href=\"https:\/\/www.armecanica.com.br\/blog\/compressor-a-diesel\/onde-alugar-compressor-a-diesel-em-sao-paulo\/\">Onde alugar compressor a diesel em S\u00e3o Paulo<\/a><\/li>\n<\/ul>\n\n\n\n<div id=\"ez-toc-container\" class=\"ez-toc-v2_0_75 counter-hierarchy ez-toc-counter ez-toc-grey ez-toc-container-direction\">\n<div class=\"ez-toc-title-container\">\n<p class=\"ez-toc-title\" style=\"cursor:inherit\">O que abordaremos neste artigo:<\/p>\n<span class=\"ez-toc-title-toggle\"><a href=\"#\" class=\"ez-toc-pull-right ez-toc-btn ez-toc-btn-xs ez-toc-btn-default ez-toc-toggle\" aria-label=\"Alternar tabela de conte\u00fado\"><span class=\"ez-toc-js-icon-con\"><span class=\"\"><span class=\"eztoc-hide\" style=\"display:none;\">Toggle<\/span><span class=\"ez-toc-icon-toggle-span\"><svg style=\"fill: #999;color:#999\" xmlns=\"http:\/\/www.w3.org\/2000\/svg\" class=\"list-377408\" width=\"20px\" height=\"20px\" viewBox=\"0 0 24 24\" fill=\"none\"><path d=\"M6 6H4v2h2V6zm14 0H8v2h12V6zM4 11h2v2H4v-2zm16 0H8v2h12v-2zM4 16h2v2H4v-2zm16 0H8v2h12v-2z\" fill=\"currentColor\"><\/path><\/svg><svg style=\"fill: #999;color:#999\" class=\"arrow-unsorted-368013\" xmlns=\"http:\/\/www.w3.org\/2000\/svg\" width=\"10px\" height=\"10px\" viewBox=\"0 0 24 24\" version=\"1.2\" baseProfile=\"tiny\"><path d=\"M18.2 9.3l-6.2-6.3-6.2 6.3c-.2.2-.3.4-.3.7s.1.5.3.7c.2.2.4.3.7.3h11c.3 0 .5-.1.7-.3.2-.2.3-.5.3-.7s-.1-.5-.3-.7zM5.8 14.7l6.2 6.3 6.2-6.3c.2-.2.3-.5.3-.7s-.1-.5-.3-.7c-.2-.2-.4-.3-.7-.3h-11c-.3 0-.5.1-.7.3-.2.2-.3.5-.3.7s.1.5.3.7z\"\/><\/svg><\/span><\/span><\/span><\/a><\/span><\/div>\n<nav><ul class='ez-toc-list ez-toc-list-level-1 ' ><li class='ez-toc-page-1 ez-toc-heading-level-2'><a class=\"ez-toc-link ez-toc-heading-1\" href=\"https:\/\/www.armecanica.com.br\/blog\/locacao-de-equipamentos\/empresa-de-aluguel-de-compressor-em-cotia-armecanica\/#Aluguel_de_compressor_para_empresas_quando_essa_escolha_vale_a_pena\" >Aluguel de compressor para empresas: quando essa escolha vale a pena<\/a><\/li><li class='ez-toc-page-1 ez-toc-heading-level-2'><a class=\"ez-toc-link ez-toc-heading-2\" href=\"https:\/\/www.armecanica.com.br\/blog\/locacao-de-equipamentos\/empresa-de-aluguel-de-compressor-em-cotia-armecanica\/#Por_que_a_Armecanica_e_uma_escolha_estrategica_em_Cotia\" >Por que a Armec\u00e2nica \u00e9 uma escolha estrat\u00e9gica em Cotia<\/a><\/li><li class='ez-toc-page-1 ez-toc-heading-level-2'><a class=\"ez-toc-link ez-toc-heading-3\" href=\"https:\/\/www.armecanica.com.br\/blog\/locacao-de-equipamentos\/empresa-de-aluguel-de-compressor-em-cotia-armecanica\/#Beneficios_de_alugar_compressor_com_foco_em_produtividade_e_controle\" >Benef\u00edcios de alugar compressor com foco em produtividade e controle<\/a><\/li><li class='ez-toc-page-1 ez-toc-heading-level-2'><a class=\"ez-toc-link ez-toc-heading-4\" href=\"https:\/\/www.armecanica.com.br\/blog\/locacao-de-equipamentos\/empresa-de-aluguel-de-compressor-em-cotia-armecanica\/#Segmentos_atendidos_e_aplicacoes_praticas_da_locacao\" >Segmentos atendidos e aplica\u00e7\u00f5es pr\u00e1ticas da loca\u00e7\u00e3o<\/a><\/li><li class='ez-toc-page-1 ez-toc-heading-level-2'><a class=\"ez-toc-link ez-toc-heading-5\" href=\"https:\/\/www.armecanica.com.br\/blog\/locacao-de-equipamentos\/empresa-de-aluguel-de-compressor-em-cotia-armecanica\/#O_que_avaliar_antes_de_alugar_compressor_para_sua_empresa\" >O que avaliar antes de alugar compressor para sua empresa<\/a><\/li><li class='ez-toc-page-1 ez-toc-heading-level-2'><a class=\"ez-toc-link ez-toc-heading-6\" href=\"https:\/\/www.armecanica.com.br\/blog\/locacao-de-equipamentos\/empresa-de-aluguel-de-compressor-em-cotia-armecanica\/#Como_a_Armecanica_apoia_empresas_que_precisam_de_aluguel_de_compressor\" >Como a Armec\u00e2nica apoia empresas que precisam de aluguel de compressor<\/a><\/li><li class='ez-toc-page-1 ez-toc-heading-level-2'><a class=\"ez-toc-link ez-toc-heading-7\" href=\"https:\/\/www.armecanica.com.br\/blog\/locacao-de-equipamentos\/empresa-de-aluguel-de-compressor-em-cotia-armecanica\/#Aluguel_de_compressor_com_suporte_certo_faz_diferenca\" >Aluguel de compressor com suporte certo faz diferen\u00e7a<\/a><\/li><\/ul><\/nav><\/div>\n<h2 class=\"wp-block-heading\"><span class=\"ez-toc-section\" id=\"Aluguel_de_compressor_para_empresas_quando_essa_escolha_vale_a_pena\"><\/span><strong>Aluguel de compressor para empresas: quando essa escolha vale a pena<\/strong><span class=\"ez-toc-section-end\"><\/span><\/h2>\n\n\n\n<p>O <strong>aluguel de compressor<\/strong> faz sentido quando a empresa precisa ganhar rapidez sem assumir os custos completos de aquisi\u00e7\u00e3o, manuten\u00e7\u00e3o e armazenagem. Em muitos casos, a demanda surge por obra, contrato tempor\u00e1rio, refor\u00e7o operacional ou necessidade emergencial. Sendo assim, a loca\u00e7\u00e3o permite atender a opera\u00e7\u00e3o sem comprometer o caixa com um investimento alto.<\/p>\n\n\n\n<p>Al\u00e9m disso, empresas que trabalham com varia\u00e7\u00e3o de demanda costumam se beneficiar bastante desse modelo. Em per\u00edodos de pico, por exemplo, alugar compressor ajuda a ampliar a capacidade produtiva com mais previsibilidade. Portanto, a empresa consegue ajustar sua estrutura conforme a necessidade real do momento.<\/p>\n\n\n\n<p>Outro ponto importante est\u00e1 na gest\u00e3o operacional. Ao optar pela loca\u00e7\u00e3o, o neg\u00f3cio reduz preocupa\u00e7\u00f5es ligadas \u00e0 disponibilidade do equipamento e ao suporte em caso de necessidade t\u00e9cnica. Ent\u00e3o, o foco da equipe permanece na opera\u00e7\u00e3o, e n\u00e3o na resolu\u00e7\u00e3o de problemas paralelos que consomem tempo e energia.<\/p>\n\n\n\n<p>Em Cotia e regi\u00e3o, esse cen\u00e1rio \u00e9 ainda mais relevante para setores que dependem de desempenho constante. Por isso, contar com uma empresa preparada para atender constru\u00e7\u00e3o civil, ind\u00fastria, com\u00e9rcio, servi\u00e7os, condom\u00ednios, minera\u00e7\u00e3o e agroneg\u00f3cio torna a decis\u00e3o mais segura e eficiente.<\/p>\n\n\n\n<ul class=\"wp-block-list\">\n<li><a href=\"https:\/\/www.armecanica.com.br\/blog\/gerador-de-energia\/onde-fazer-locacao-de-gerador-para-eventos-em-sao-paulo\/\">Onde fazer loca\u00e7\u00e3o de gerador para eventos em S\u00e3o Paulo<\/a><\/li>\n<\/ul>\n\n\n\n<h2 class=\"wp-block-heading\"><span class=\"ez-toc-section\" id=\"Por_que_a_Armecanica_e_uma_escolha_estrategica_em_Cotia\"><\/span><strong>Por que a Armec\u00e2nica \u00e9 uma escolha estrat\u00e9gica em Cotia<\/strong><span class=\"ez-toc-section-end\"><\/span><\/h2>\n\n\n\n<p>A <strong>Armec\u00e2nica<\/strong> atua na loca\u00e7\u00e3o de equipamentos com foco em segmentos que exigem agilidade, disponibilidade e atendimento confi\u00e1vel. A empresa trabalha com loca\u00e7\u00e3o de plataforma elevat\u00f3ria, compressor, gerador e ferramenta pneum\u00e1tica. Dessa forma, atende diferentes perfis de opera\u00e7\u00e3o sem perder o foco em suporte e continuidade.<\/p>\n\n\n\n<p>O grande diferencial da <strong>Armec\u00e2nica<\/strong> est\u00e1 na assist\u00eancia t\u00e9cnica pronta para atender quando o cliente precisar. Isso muda o n\u00edvel da loca\u00e7\u00e3o, porque a empresa contratante n\u00e3o quer apenas o equipamento. Ela quer seguran\u00e7a para seguir trabalhando. Portanto, ter apoio t\u00e9cnico dispon\u00edvel reduz riscos e evita preju\u00edzos com paradas inesperadas.<\/p>\n\n\n\n<p>Outro ponto relevante \u00e9 o alinhamento da empresa com setores que precisam de resposta r\u00e1pida. Constru\u00e7\u00e3o civil, ind\u00fastria, com\u00e9rcio, servi\u00e7os, condom\u00ednios industriais e residenciais, minera\u00e7\u00e3o e agroneg\u00f3cio t\u00eam rotinas diferentes, mas compartilham a mesma necessidade: equipamentos confi\u00e1veis e atendimento que n\u00e3o falha. Sendo assim, a <strong>Armec\u00e2nica<\/strong> entrega valor ao entender esse contexto operacional.<\/p>\n\n\n\n<p>Quando uma empresa decide <strong>alugar compressor<\/strong>, ela n\u00e3o busca apenas pre\u00e7o. Ela busca confian\u00e7a, agilidade e suporte. E \u00e9 justamente a\u00ed que a <strong>Armec\u00e2nica<\/strong> fortalece sua proposta em Cotia, oferecendo uma solu\u00e7\u00e3o voltada para empresas que precisam de resultado, continuidade e parceria no dia a dia.<\/p>\n\n\n\n<h2 class=\"wp-block-heading\"><span class=\"ez-toc-section\" id=\"Beneficios_de_alugar_compressor_com_foco_em_produtividade_e_controle\"><\/span><strong>Benef\u00edcios de alugar compressor com foco em produtividade e controle<\/strong><span class=\"ez-toc-section-end\"><\/span><\/h2>\n\n\n\n<p>Alugar compressor pode ser a decis\u00e3o mais eficiente para empresas que querem manter a produtividade sem transformar equipamento em custo fixo. Com a loca\u00e7\u00e3o, o neg\u00f3cio preserva capital para outras frentes da opera\u00e7\u00e3o. Al\u00e9m disso, consegue responder com mais rapidez a contratos, obras e demandas emergenciais.<\/p>\n\n\n\n<p>Entre os principais benef\u00edcios, vale destacar:<\/p>\n\n\n\n<div class=\"wp-block-group is-nowrap is-layout-flex wp-container-core-group-is-layout-ad2f72ca wp-block-group-is-layout-flex\">\n<ul class=\"wp-block-list\">\n<li><strong>Mais flexibilidade operacional<\/strong>, porque a empresa ajusta a loca\u00e7\u00e3o conforme a necessidade do per\u00edodo.<\/li>\n\n\n\n<li><strong>Menor impacto no caixa<\/strong>, j\u00e1 que evita um investimento alto na compra do equipamento.<\/li>\n\n\n\n<li><strong>Apoio t\u00e9cnico quando necess\u00e1rio<\/strong>, o que reduz o risco de paralisa\u00e7\u00f5es.<\/li>\n\n\n\n<li><strong>Mais foco na atividade principal<\/strong>, sem desviar recursos para gest\u00e3o completa do equipamento.<\/li>\n<\/ul>\n<\/div>\n\n\n\n<p>Esse modelo tamb\u00e9m favorece o planejamento financeiro. Como o custo fica mais previs\u00edvel, a empresa organiza melhor o or\u00e7amento e reduz surpresas. Portanto, o <strong>aluguel de compressor<\/strong> se encaixa bem em opera\u00e7\u00f5es que valorizam efici\u00eancia, rapidez e controle.<\/p>\n\n\n\n<p>Outro benef\u00edcio importante aparece na rotina da equipe. Quando o suporte acompanha a loca\u00e7\u00e3o, o trabalho flui com mais seguran\u00e7a. Ent\u00e3o, em vez de lidar com contratempos t\u00e9cnicos sem apoio, a empresa atua com mais tranquilidade e mant\u00e9m o ritmo da opera\u00e7\u00e3o.<\/p>\n\n\n\n<figure class=\"wp-block-image size-full\"><img loading=\"lazy\" decoding=\"async\" width=\"564\" height=\"415\" src=\"https:\/\/www.armecanica.com.br\/blog\/wp-content\/uploads\/2026\/04\/aluguel-de-compressor-a-diesel.jpg\" alt=\"\" class=\"wp-image-479\" srcset=\"https:\/\/www.armecanica.com.br\/blog\/wp-content\/uploads\/2026\/04\/aluguel-de-compressor-a-diesel.jpg 564w, https:\/\/www.armecanica.com.br\/blog\/wp-content\/uploads\/2026\/04\/aluguel-de-compressor-a-diesel-300x221.jpg 300w, https:\/\/www.armecanica.com.br\/blog\/wp-content\/uploads\/2026\/04\/aluguel-de-compressor-a-diesel-82x60.jpg 82w\" sizes=\"auto, (max-width: 564px) 100vw, 564px\" \/><\/figure>\n\n\n\n<h2 class=\"wp-block-heading\"><span class=\"ez-toc-section\" id=\"Segmentos_atendidos_e_aplicacoes_praticas_da_locacao\"><\/span><strong>Segmentos atendidos e aplica\u00e7\u00f5es pr\u00e1ticas da loca\u00e7\u00e3o<\/strong><span class=\"ez-toc-section-end\"><\/span><\/h2>\n\n\n\n<p>A loca\u00e7\u00e3o de compressor atende empresas de diferentes \u00e1reas, principalmente aquelas que dependem de equipamentos para manter produtividade e continuidade. Na constru\u00e7\u00e3o civil, por exemplo, a necessidade de desempenho constante exige solu\u00e7\u00f5es r\u00e1pidas e funcionais. Por isso, o <strong>aluguel de compressor<\/strong> se torna uma alternativa vi\u00e1vel para obras de v\u00e1rios portes.<\/p>\n\n\n\n<p>Na ind\u00fastria, o cen\u00e1rio tamb\u00e9m favorece a loca\u00e7\u00e3o em diferentes momentos. Pode haver refor\u00e7o de capacidade, atendimento a demandas sazonais ou necessidade de suporte tempor\u00e1rio em opera\u00e7\u00f5es espec\u00edficas. Sendo assim, a empresa mant\u00e9m a produ\u00e7\u00e3o em movimento sem ampliar estrutura fixa al\u00e9m do necess\u00e1rio.<\/p>\n\n\n\n<p>No com\u00e9rcio e nos servi\u00e7os, a l\u00f3gica \u00e9 parecida. Quando surge uma necessidade operacional, a loca\u00e7\u00e3o oferece agilidade e praticidade. Al\u00e9m disso, condom\u00ednios industriais, comerciais e residenciais tamb\u00e9m encontram valor nesse tipo de solu\u00e7\u00e3o, especialmente quando precisam de atendimento eficiente e suporte t\u00e9cnico confi\u00e1vel.<\/p>\n\n\n\n<p>Minera\u00e7\u00e3o e agroneg\u00f3cio, por sua vez, exigem robustez operacional e resposta r\u00e1pida. Portanto, contar com uma empresa preparada para atender esses setores faz diferen\u00e7a. A <strong>Armec\u00e2nica<\/strong> atua justamente com essa vis\u00e3o, levando loca\u00e7\u00e3o de equipamentos para segmentos que n\u00e3o podem perder tempo com improviso.<\/p>\n\n\n\n<h2 class=\"wp-block-heading\"><span class=\"ez-toc-section\" id=\"O_que_avaliar_antes_de_alugar_compressor_para_sua_empresa\"><\/span><strong>O que avaliar antes de alugar compressor para sua empresa<\/strong><span class=\"ez-toc-section-end\"><\/span><\/h2>\n\n\n\n<p>Antes de <strong>alugar compressor<\/strong>, a empresa precisa avaliar a real necessidade da opera\u00e7\u00e3o e escolher um parceiro que ofere\u00e7a suporte compat\u00edvel com o ritmo do trabalho. Nem sempre o melhor caminho \u00e9 apenas comparar valores. Em muitos casos, o atendimento t\u00e9cnico pesa mais no resultado final. Por isso, analisar estrutura, disponibilidade e confiabilidade \u00e9 essencial.<\/p>\n\n\n\n<p>Tamb\u00e9m vale observar se a empresa locadora entende o perfil do seu segmento. Esse ponto importa porque cada opera\u00e7\u00e3o tem exig\u00eancias pr\u00f3prias. Portanto, uma locadora com experi\u00eancia em diferentes setores tende a oferecer um atendimento mais alinhado \u00e0 realidade do cliente e \u00e0s urg\u00eancias que surgem no dia a dia.<\/p>\n\n\n\n<p>Outro fator importante \u00e9 a capacidade de resposta. Quando h\u00e1 necessidade de suporte, o tempo influencia diretamente a produtividade. Ent\u00e3o, faz sentido priorizar empresas que deixam claro seu compromisso com assist\u00eancia t\u00e9cnica e atendimento \u00e1gil. Esse cuidado reduz riscos e refor\u00e7a a seguran\u00e7a operacional.<\/p>\n\n\n\n<p>Nesse contexto, a <strong>Armec\u00e2nica<\/strong> apresenta uma proposta consistente para empresas em Cotia e regi\u00e3o. Ao reunir loca\u00e7\u00e3o de equipamentos e assist\u00eancia t\u00e9cnica dispon\u00edvel, a empresa entrega um modelo de atendimento que responde a uma demanda real do mercado: trabalhar com confian\u00e7a, agilidade e suporte quando mais importa.<\/p>\n\n\n\n<h2 class=\"wp-block-heading\"><span class=\"ez-toc-section\" id=\"Como_a_Armecanica_apoia_empresas_que_precisam_de_aluguel_de_compressor\"><\/span><strong>Como a Armec\u00e2nica apoia empresas que precisam de aluguel de compressor<\/strong><span class=\"ez-toc-section-end\"><\/span><\/h2>\n\n\n\n<p>Empresas que enfrentam rotina intensa precisam de fornecedores que acompanhem esse ritmo. A <strong>Armec\u00e2nica<\/strong> atua com esse entendimento, oferecendo loca\u00e7\u00e3o de compressor e outros equipamentos para opera\u00e7\u00f5es que exigem resposta r\u00e1pida e suporte confi\u00e1vel. Sendo assim, a empresa se posiciona como parceira para neg\u00f3cios que n\u00e3o podem perder tempo.<\/p>\n\n\n\n<p>Esse apoio fica ainda mais evidente no diferencial da assist\u00eancia t\u00e9cnica. Quando o cliente sabe que n\u00e3o ficar\u00e1 sem suporte, a tomada de decis\u00e3o fica mais segura. Portanto, o processo de <strong>alugar compressor<\/strong> deixa de ser apenas uma contrata\u00e7\u00e3o pontual e passa a funcionar como uma solu\u00e7\u00e3o pr\u00e1tica para manter a opera\u00e7\u00e3o est\u00e1vel.<\/p>\n\n\n\n<p>Al\u00e9m disso, a atua\u00e7\u00e3o da <strong>Armec\u00e2nica<\/strong> em v\u00e1rios segmentos mostra capacidade de adapta\u00e7\u00e3o \u00e0s demandas do mercado. Constru\u00e7\u00e3o civil, ind\u00fastria, com\u00e9rcio, servi\u00e7os, condom\u00ednios, minera\u00e7\u00e3o e agroneg\u00f3cio exigem aten\u00e7\u00e3o a contextos distintos. Ent\u00e3o, contar com uma empresa que j\u00e1 atende essas frentes fortalece a confian\u00e7a na loca\u00e7\u00e3o.<\/p>\n\n\n\n<p>Para empresas em Cotia que buscam efici\u00eancia operacional, suporte t\u00e9cnico e atendimento alinhado \u00e0 rotina real do neg\u00f3cio, a <strong>Armec\u00e2nica<\/strong> re\u00fane atributos que fazem sentido na pr\u00e1tica. E isso pesa muito quando a prioridade \u00e9 manter produtividade com seguran\u00e7a e continuidade.<\/p>\n\n\n\n<h2 class=\"wp-block-heading\"><span class=\"ez-toc-section\" id=\"Aluguel_de_compressor_com_suporte_certo_faz_diferenca\"><\/span><strong>Aluguel de compressor com suporte certo faz diferen\u00e7a<\/strong><span class=\"ez-toc-section-end\"><\/span><\/h2>\n\n\n\n<p>O <strong>aluguel de compressor<\/strong> \u00e9 uma escolha estrat\u00e9gica para empresas que precisam de flexibilidade, controle de custos e mais efici\u00eancia operacional. Ao longo da opera\u00e7\u00e3o, esse modelo ajuda a responder melhor \u00e0s demandas do neg\u00f3cio sem exigir um investimento fixo elevado. Por isso, a loca\u00e7\u00e3o ganha espa\u00e7o em diferentes segmentos.<\/p>\n\n\n\n<p>Quando essa escolha vem acompanhada de atendimento t\u00e9cnico e conhecimento de mercado, o resultado tende a ser melhor. A <strong>Armec\u00e2nica<\/strong> atende justamente essa expectativa, com loca\u00e7\u00e3o de equipamentos voltada para empresas e com suporte dispon\u00edvel para evitar que o cliente fique na m\u00e3o. Portanto, a parceria certa impacta diretamente a produtividade.<\/p>\n\n\n\n<p>Se a sua empresa est\u00e1 em Cotia e busca uma solu\u00e7\u00e3o confi\u00e1vel para <strong>alugar compressor<\/strong>, vale considerar mais do que o equipamento. Vale considerar quem est\u00e1 por tr\u00e1s do atendimento, do suporte e da agilidade que a opera\u00e7\u00e3o exige.<\/p>\n\n\n\n<p class=\"has-medium-font-size\"><strong><em><a href=\"https:\/\/www.armecanica.com.br\/contato\">Fale com a Armec\u00e2nica <\/a>e descubra como o aluguel de compressor pode atender sua empresa com mais seguran\u00e7a, praticidade e suporte t\u00e9cnico quando voc\u00ea mais precisa.<\/em><\/strong><\/p>\n","protected":false},"excerpt":{"rendered":"<p>Aluguel de compressor em Cotia com suporte t\u00e9cnico \u00e1gil para empresas. Conhe\u00e7a a Armec\u00e2nica e saiba quando alugar compressor. Se a sua empresa precisa manter produtividade sem ampliar custos fixos, o aluguel de compressor entra como uma solu\u00e7\u00e3o pr\u00e1tica e inteligente. Em vez de imobilizar capital na compra de um equipamento, voc\u00ea ganha flexibilidade para &hellip; <\/p>\n","protected":false},"author":1,"featured_media":479,"comment_status":"open","ping_status":"open","sticky":false,"template":"","format":"standard","meta":{"footnotes":""},"categories":[72],"tags":[1257,1262,1285,1256,1283,1281,1261,1045,1275,1272,1276,1282,1270,1271,1266,1267,1265,1288,1260,1264,1268,1258,1287,1269,1259,1289,1273,1263,1284,1274,1279,1280,1286,1278,1277],"class_list":["post-477","post","type-post","status-publish","format-standard","has-post-thumbnail","hentry","category-locacao-de-equipamentos","tag-alugar-compressor","tag-alugar-compressor-em-cotia","tag-alugar-compressor-reduz-custos","tag-aluguel-de-compressor","tag-aluguel-de-compressor-atende-construcao-civil","tag-aluguel-de-compressor-atende-industria","tag-aluguel-de-compressor-em-cotia","tag-armecanica","tag-armecanica-cotia","tag-assistencia-tecnica-para-compressor","tag-como-alugar-compressor-para-empresa","tag-como-funciona-a-locacao-de-compressor","tag-compressor-com-suporte-tecnico","tag-compressor-para-agronegocio","tag-compressor-para-comercio-e-servicos","tag-compressor-para-condominios","tag-compressor-para-construcao-civil","tag-compressor-para-demandas-temporarias","tag-compressor-para-empresas","tag-compressor-para-industria","tag-compressor-para-mineracao","tag-empresa-de-aluguel-de-compressor-em-cotia","tag-empresa-de-locacao-com-assistencia-tecnica","tag-empresa-de-locacao-de-equipamentos","tag-locacao-de-compressor","tag-locacao-de-compressor-para-operacoes-empresariais","tag-locacao-de-equipamentos-em-cotia","tag-locadora-de-compressor","tag-o-que-avaliar-antes-de-alugar-compressor","tag-onde-encontrar-aluguel-de-compressor-em-cotia","tag-por-que-escolher-a-armecanica","tag-quais-empresas-podem-alugar-compressor","tag-qual-a-vantagem-de-alugar-compressor","tag-qual-empresa-oferece-aluguel-de-compressor-em-cotia","tag-quando-vale-a-pena-alugar-compressor","latest_post"],"yoast_head":"<!-- This site is optimized with the Yoast SEO plugin v25.3 - https:\/\/yoast.com\/wordpress\/plugins\/seo\/ -->\n<title>Empresa de aluguel de compressor em Cotia: Armec\u00e2nica - Armec\u00e2nica<\/title>\n<meta name=\"description\" content=\"Aluguel de compressor em Cotia com suporte t\u00e9cnico \u00e1gil para empresas. Conhe\u00e7a a Armec\u00e2nica e saiba quando alugar compressor.\" \/>\n<meta name=\"robots\" content=\"index, follow, max-snippet:-1, max-image-preview:large, max-video-preview:-1\" \/>\n<link rel=\"canonical\" href=\"https:\/\/www.armecanica.com.br\/blog\/locacao-de-equipamentos\/empresa-de-aluguel-de-compressor-em-cotia-armecanica\/\" \/>\n<meta property=\"og:locale\" content=\"pt_BR\" \/>\n<meta property=\"og:type\" content=\"article\" \/>\n<meta property=\"og:title\" content=\"Empresa de aluguel de compressor em Cotia: Armec\u00e2nica - Armec\u00e2nica\" \/>\n<meta property=\"og:description\" content=\"Aluguel de compressor em Cotia com suporte t\u00e9cnico \u00e1gil para empresas. Conhe\u00e7a a Armec\u00e2nica e saiba quando alugar compressor.\" \/>\n<meta property=\"og:url\" content=\"https:\/\/www.armecanica.com.br\/blog\/locacao-de-equipamentos\/empresa-de-aluguel-de-compressor-em-cotia-armecanica\/\" \/>\n<meta property=\"og:site_name\" content=\"Armec\u00e2nica\" \/>\n<meta property=\"article:published_time\" content=\"2026-04-22T19:12:42+00:00\" \/>\n<meta property=\"article:modified_time\" content=\"2026-04-22T19:12:43+00:00\" \/>\n<meta property=\"og:image\" content=\"https:\/\/www.armecanica.com.br\/blog\/wp-content\/uploads\/2026\/04\/aluguel-de-compressor-a-diesel.jpg\" \/>\n\t<meta property=\"og:image:width\" content=\"564\" \/>\n\t<meta property=\"og:image:height\" content=\"415\" \/>\n\t<meta property=\"og:image:type\" content=\"image\/jpeg\" \/>\n<meta name=\"author\" content=\"admin\" \/>\n<meta name=\"twitter:card\" content=\"summary_large_image\" \/>\n<meta name=\"twitter:label1\" content=\"Escrito por\" \/>\n\t<meta name=\"twitter:data1\" content=\"admin\" \/>\n\t<meta name=\"twitter:label2\" content=\"Est. tempo de leitura\" \/>\n\t<meta name=\"twitter:data2\" content=\"9 minutos\" \/>\n<script type=\"application\/ld+json\" class=\"yoast-schema-graph\">{\"@context\":\"https:\/\/schema.org\",\"@graph\":[{\"@type\":\"Article\",\"@id\":\"https:\/\/www.armecanica.com.br\/blog\/locacao-de-equipamentos\/empresa-de-aluguel-de-compressor-em-cotia-armecanica\/#article\",\"isPartOf\":{\"@id\":\"https:\/\/www.armecanica.com.br\/blog\/locacao-de-equipamentos\/empresa-de-aluguel-de-compressor-em-cotia-armecanica\/\"},\"author\":{\"name\":\"admin\",\"@id\":\"https:\/\/www.armecanica.com.br\/blog\/#\/schema\/person\/ed0be293dc26f7b6ed2d08b17ae6bdd9\"},\"headline\":\"Empresa de aluguel de compressor em Cotia: Armec\u00e2nica\",\"datePublished\":\"2026-04-22T19:12:42+00:00\",\"dateModified\":\"2026-04-22T19:12:43+00:00\",\"mainEntityOfPage\":{\"@id\":\"https:\/\/www.armecanica.com.br\/blog\/locacao-de-equipamentos\/empresa-de-aluguel-de-compressor-em-cotia-armecanica\/\"},\"wordCount\":1766,\"commentCount\":0,\"publisher\":{\"@id\":\"https:\/\/www.armecanica.com.br\/blog\/#organization\"},\"image\":{\"@id\":\"https:\/\/www.armecanica.com.br\/blog\/locacao-de-equipamentos\/empresa-de-aluguel-de-compressor-em-cotia-armecanica\/#primaryimage\"},\"thumbnailUrl\":\"https:\/\/www.armecanica.com.br\/blog\/wp-content\/uploads\/2026\/04\/aluguel-de-compressor-a-diesel.jpg\",\"keywords\":[\"alugar compressor\",\"alugar compressor em Cotia\",\"alugar compressor reduz custos\",\"aluguel de compressor\",\"aluguel de compressor atende constru\u00e7\u00e3o civil\",\"aluguel de compressor atende ind\u00fastria\",\"aluguel de compressor em Cotia\",\"Armec\u00e2nica\",\"Armec\u00e2nica Cotia\",\"assist\u00eancia t\u00e9cnica para compressor\",\"como alugar compressor para empresa\",\"como funciona a loca\u00e7\u00e3o de compressor\",\"compressor com suporte t\u00e9cnico\",\"compressor para agroneg\u00f3cio\",\"compressor para com\u00e9rcio e servi\u00e7os\",\"compressor para condom\u00ednios\",\"compressor para constru\u00e7\u00e3o civil\",\"compressor para demandas tempor\u00e1rias\",\"compressor para empresas\",\"compressor para ind\u00fastria\",\"compressor para minera\u00e7\u00e3o\",\"empresa de aluguel de compressor em Cotia\",\"empresa de loca\u00e7\u00e3o com assist\u00eancia t\u00e9cnica\",\"empresa de loca\u00e7\u00e3o de equipamentos\",\"loca\u00e7\u00e3o de compressor\",\"loca\u00e7\u00e3o de compressor para opera\u00e7\u00f5es empresariais\",\"loca\u00e7\u00e3o de equipamentos em Cotia\",\"locadora de compressor\",\"o que avaliar antes de alugar compressor\",\"onde encontrar aluguel de compressor em Cotia\",\"por que escolher a Armec\u00e2nica\",\"quais empresas podem alugar compressor\",\"qual a vantagem de alugar compressor\",\"qual empresa oferece aluguel de compressor em Cotia\",\"quando vale a pena alugar compressor\"],\"articleSection\":[\"Loca\u00e7\u00e3o de equipamentos\"],\"inLanguage\":\"pt-BR\",\"potentialAction\":[{\"@type\":\"CommentAction\",\"name\":\"Comment\",\"target\":[\"https:\/\/www.armecanica.com.br\/blog\/locacao-de-equipamentos\/empresa-de-aluguel-de-compressor-em-cotia-armecanica\/#respond\"]}]},{\"@type\":\"WebPage\",\"@id\":\"https:\/\/www.armecanica.com.br\/blog\/locacao-de-equipamentos\/empresa-de-aluguel-de-compressor-em-cotia-armecanica\/\",\"url\":\"https:\/\/www.armecanica.com.br\/blog\/locacao-de-equipamentos\/empresa-de-aluguel-de-compressor-em-cotia-armecanica\/\",\"name\":\"Empresa de aluguel de compressor em Cotia: Armec\u00e2nica - Armec\u00e2nica\",\"isPartOf\":{\"@id\":\"https:\/\/www.armecanica.com.br\/blog\/#website\"},\"primaryImageOfPage\":{\"@id\":\"https:\/\/www.armecanica.com.br\/blog\/locacao-de-equipamentos\/empresa-de-aluguel-de-compressor-em-cotia-armecanica\/#primaryimage\"},\"image\":{\"@id\":\"https:\/\/www.armecanica.com.br\/blog\/locacao-de-equipamentos\/empresa-de-aluguel-de-compressor-em-cotia-armecanica\/#primaryimage\"},\"thumbnailUrl\":\"https:\/\/www.armecanica.com.br\/blog\/wp-content\/uploads\/2026\/04\/aluguel-de-compressor-a-diesel.jpg\",\"datePublished\":\"2026-04-22T19:12:42+00:00\",\"dateModified\":\"2026-04-22T19:12:43+00:00\",\"description\":\"Aluguel de compressor em Cotia com suporte t\u00e9cnico \u00e1gil para empresas. Conhe\u00e7a a Armec\u00e2nica e saiba quando alugar compressor.\",\"breadcrumb\":{\"@id\":\"https:\/\/www.armecanica.com.br\/blog\/locacao-de-equipamentos\/empresa-de-aluguel-de-compressor-em-cotia-armecanica\/#breadcrumb\"},\"inLanguage\":\"pt-BR\",\"potentialAction\":[{\"@type\":\"ReadAction\",\"target\":[\"https:\/\/www.armecanica.com.br\/blog\/locacao-de-equipamentos\/empresa-de-aluguel-de-compressor-em-cotia-armecanica\/\"]}]},{\"@type\":\"ImageObject\",\"inLanguage\":\"pt-BR\",\"@id\":\"https:\/\/www.armecanica.com.br\/blog\/locacao-de-equipamentos\/empresa-de-aluguel-de-compressor-em-cotia-armecanica\/#primaryimage\",\"url\":\"https:\/\/www.armecanica.com.br\/blog\/wp-content\/uploads\/2026\/04\/aluguel-de-compressor-a-diesel.jpg\",\"contentUrl\":\"https:\/\/www.armecanica.com.br\/blog\/wp-content\/uploads\/2026\/04\/aluguel-de-compressor-a-diesel.jpg\",\"width\":564,\"height\":415},{\"@type\":\"BreadcrumbList\",\"@id\":\"https:\/\/www.armecanica.com.br\/blog\/locacao-de-equipamentos\/empresa-de-aluguel-de-compressor-em-cotia-armecanica\/#breadcrumb\",\"itemListElement\":[{\"@type\":\"ListItem\",\"position\":1,\"name\":\"In\u00edcio\",\"item\":\"https:\/\/www.armecanica.com.br\/blog\/\"},{\"@type\":\"ListItem\",\"position\":2,\"name\":\"Empresa de aluguel de compressor em Cotia: Armec\u00e2nica\"}]},{\"@type\":\"WebSite\",\"@id\":\"https:\/\/www.armecanica.com.br\/blog\/#website\",\"url\":\"https:\/\/www.armecanica.com.br\/blog\/\",\"name\":\"Armec\u00e2nica\",\"description\":\"Blog\",\"publisher\":{\"@id\":\"https:\/\/www.armecanica.com.br\/blog\/#organization\"},\"potentialAction\":[{\"@type\":\"SearchAction\",\"target\":{\"@type\":\"EntryPoint\",\"urlTemplate\":\"https:\/\/www.armecanica.com.br\/blog\/?s={search_term_string}\"},\"query-input\":{\"@type\":\"PropertyValueSpecification\",\"valueRequired\":true,\"valueName\":\"search_term_string\"}}],\"inLanguage\":\"pt-BR\"},{\"@type\":\"Organization\",\"@id\":\"https:\/\/www.armecanica.com.br\/blog\/#organization\",\"name\":\"Armec\u00e2nica\",\"url\":\"https:\/\/www.armecanica.com.br\/blog\/\",\"logo\":{\"@type\":\"ImageObject\",\"inLanguage\":\"pt-BR\",\"@id\":\"https:\/\/www.armecanica.com.br\/blog\/#\/schema\/logo\/image\/\",\"url\":\"https:\/\/www.armecanica.com.br\/blog\/wp-content\/uploads\/2022\/04\/cropped-cropped-logo-armecanica.jpg\",\"contentUrl\":\"https:\/\/www.armecanica.com.br\/blog\/wp-content\/uploads\/2022\/04\/cropped-cropped-logo-armecanica.jpg\",\"width\":415,\"height\":74,\"caption\":\"Armec\u00e2nica\"},\"image\":{\"@id\":\"https:\/\/www.armecanica.com.br\/blog\/#\/schema\/logo\/image\/\"}},{\"@type\":\"Person\",\"@id\":\"https:\/\/www.armecanica.com.br\/blog\/#\/schema\/person\/ed0be293dc26f7b6ed2d08b17ae6bdd9\",\"name\":\"admin\",\"image\":{\"@type\":\"ImageObject\",\"inLanguage\":\"pt-BR\",\"@id\":\"https:\/\/www.armecanica.com.br\/blog\/#\/schema\/person\/image\/\",\"url\":\"https:\/\/secure.gravatar.com\/avatar\/e93b0e09c568d39fb51bb3bc837bb35875be86f2ef231a93496eb0b414707787?s=96&d=mm&r=g\",\"contentUrl\":\"https:\/\/secure.gravatar.com\/avatar\/e93b0e09c568d39fb51bb3bc837bb35875be86f2ef231a93496eb0b414707787?s=96&d=mm&r=g\",\"caption\":\"admin\"},\"sameAs\":[\"https:\/\/www.armecanica.com.br\/blog\"],\"url\":\"https:\/\/www.armecanica.com.br\/blog\/author\/admin\/\"}]}<\/script>\n<!-- \/ Yoast SEO plugin. -->","yoast_head_json":{"title":"Empresa de aluguel de compressor em Cotia: Armec\u00e2nica - Armec\u00e2nica","description":"Aluguel de compressor em Cotia com suporte t\u00e9cnico \u00e1gil para empresas. Conhe\u00e7a a Armec\u00e2nica e saiba quando alugar compressor.","robots":{"index":"index","follow":"follow","max-snippet":"max-snippet:-1","max-image-preview":"max-image-preview:large","max-video-preview":"max-video-preview:-1"},"canonical":"https:\/\/www.armecanica.com.br\/blog\/locacao-de-equipamentos\/empresa-de-aluguel-de-compressor-em-cotia-armecanica\/","og_locale":"pt_BR","og_type":"article","og_title":"Empresa de aluguel de compressor em Cotia: Armec\u00e2nica - Armec\u00e2nica","og_description":"Aluguel de compressor em Cotia com suporte t\u00e9cnico \u00e1gil para empresas. Conhe\u00e7a a Armec\u00e2nica e saiba quando alugar compressor.","og_url":"https:\/\/www.armecanica.com.br\/blog\/locacao-de-equipamentos\/empresa-de-aluguel-de-compressor-em-cotia-armecanica\/","og_site_name":"Armec\u00e2nica","article_published_time":"2026-04-22T19:12:42+00:00","article_modified_time":"2026-04-22T19:12:43+00:00","og_image":[{"width":564,"height":415,"url":"https:\/\/www.armecanica.com.br\/blog\/wp-content\/uploads\/2026\/04\/aluguel-de-compressor-a-diesel.jpg","type":"image\/jpeg"}],"author":"admin","twitter_card":"summary_large_image","twitter_misc":{"Escrito por":"admin","Est. tempo de leitura":"9 minutos"},"schema":{"@context":"https:\/\/schema.org","@graph":[{"@type":"Article","@id":"https:\/\/www.armecanica.com.br\/blog\/locacao-de-equipamentos\/empresa-de-aluguel-de-compressor-em-cotia-armecanica\/#article","isPartOf":{"@id":"https:\/\/www.armecanica.com.br\/blog\/locacao-de-equipamentos\/empresa-de-aluguel-de-compressor-em-cotia-armecanica\/"},"author":{"name":"admin","@id":"https:\/\/www.armecanica.com.br\/blog\/#\/schema\/person\/ed0be293dc26f7b6ed2d08b17ae6bdd9"},"headline":"Empresa de aluguel de compressor em Cotia: Armec\u00e2nica","datePublished":"2026-04-22T19:12:42+00:00","dateModified":"2026-04-22T19:12:43+00:00","mainEntityOfPage":{"@id":"https:\/\/www.armecanica.com.br\/blog\/locacao-de-equipamentos\/empresa-de-aluguel-de-compressor-em-cotia-armecanica\/"},"wordCount":1766,"commentCount":0,"publisher":{"@id":"https:\/\/www.armecanica.com.br\/blog\/#organization"},"image":{"@id":"https:\/\/www.armecanica.com.br\/blog\/locacao-de-equipamentos\/empresa-de-aluguel-de-compressor-em-cotia-armecanica\/#primaryimage"},"thumbnailUrl":"https:\/\/www.armecanica.com.br\/blog\/wp-content\/uploads\/2026\/04\/aluguel-de-compressor-a-diesel.jpg","keywords":["alugar compressor","alugar compressor em Cotia","alugar compressor reduz custos","aluguel de compressor","aluguel de compressor atende constru\u00e7\u00e3o civil","aluguel de compressor atende ind\u00fastria","aluguel de compressor em Cotia","Armec\u00e2nica","Armec\u00e2nica Cotia","assist\u00eancia t\u00e9cnica para compressor","como alugar compressor para empresa","como funciona a loca\u00e7\u00e3o de compressor","compressor com suporte t\u00e9cnico","compressor para agroneg\u00f3cio","compressor para com\u00e9rcio e servi\u00e7os","compressor para condom\u00ednios","compressor para constru\u00e7\u00e3o civil","compressor para demandas tempor\u00e1rias","compressor para empresas","compressor para ind\u00fastria","compressor para minera\u00e7\u00e3o","empresa de aluguel de compressor em Cotia","empresa de loca\u00e7\u00e3o com assist\u00eancia t\u00e9cnica","empresa de loca\u00e7\u00e3o de equipamentos","loca\u00e7\u00e3o de compressor","loca\u00e7\u00e3o de compressor para opera\u00e7\u00f5es empresariais","loca\u00e7\u00e3o de equipamentos em Cotia","locadora de compressor","o que avaliar antes de alugar compressor","onde encontrar aluguel de compressor em Cotia","por que escolher a Armec\u00e2nica","quais empresas podem alugar compressor","qual a vantagem de alugar compressor","qual empresa oferece aluguel de compressor em Cotia","quando vale a pena alugar compressor"],"articleSection":["Loca\u00e7\u00e3o de equipamentos"],"inLanguage":"pt-BR","potentialAction":[{"@type":"CommentAction","name":"Comment","target":["https:\/\/www.armecanica.com.br\/blog\/locacao-de-equipamentos\/empresa-de-aluguel-de-compressor-em-cotia-armecanica\/#respond"]}]},{"@type":"WebPage","@id":"https:\/\/www.armecanica.com.br\/blog\/locacao-de-equipamentos\/empresa-de-aluguel-de-compressor-em-cotia-armecanica\/","url":"https:\/\/www.armecanica.com.br\/blog\/locacao-de-equipamentos\/empresa-de-aluguel-de-compressor-em-cotia-armecanica\/","name":"Empresa de aluguel de compressor em Cotia: Armec\u00e2nica - Armec\u00e2nica","isPartOf":{"@id":"https:\/\/www.armecanica.com.br\/blog\/#website"},"primaryImageOfPage":{"@id":"https:\/\/www.armecanica.com.br\/blog\/locacao-de-equipamentos\/empresa-de-aluguel-de-compressor-em-cotia-armecanica\/#primaryimage"},"image":{"@id":"https:\/\/www.armecanica.com.br\/blog\/locacao-de-equipamentos\/empresa-de-aluguel-de-compressor-em-cotia-armecanica\/#primaryimage"},"thumbnailUrl":"https:\/\/www.armecanica.com.br\/blog\/wp-content\/uploads\/2026\/04\/aluguel-de-compressor-a-diesel.jpg","datePublished":"2026-04-22T19:12:42+00:00","dateModified":"2026-04-22T19:12:43+00:00","description":"Aluguel de compressor em Cotia com suporte t\u00e9cnico \u00e1gil para empresas. Conhe\u00e7a a Armec\u00e2nica e saiba quando alugar compressor.","breadcrumb":{"@id":"https:\/\/www.armecanica.com.br\/blog\/locacao-de-equipamentos\/empresa-de-aluguel-de-compressor-em-cotia-armecanica\/#breadcrumb"},"inLanguage":"pt-BR","potentialAction":[{"@type":"ReadAction","target":["https:\/\/www.armecanica.com.br\/blog\/locacao-de-equipamentos\/empresa-de-aluguel-de-compressor-em-cotia-armecanica\/"]}]},{"@type":"ImageObject","inLanguage":"pt-BR","@id":"https:\/\/www.armecanica.com.br\/blog\/locacao-de-equipamentos\/empresa-de-aluguel-de-compressor-em-cotia-armecanica\/#primaryimage","url":"https:\/\/www.armecanica.com.br\/blog\/wp-content\/uploads\/2026\/04\/aluguel-de-compressor-a-diesel.jpg","contentUrl":"https:\/\/www.armecanica.com.br\/blog\/wp-content\/uploads\/2026\/04\/aluguel-de-compressor-a-diesel.jpg","width":564,"height":415},{"@type":"BreadcrumbList","@id":"https:\/\/www.armecanica.com.br\/blog\/locacao-de-equipamentos\/empresa-de-aluguel-de-compressor-em-cotia-armecanica\/#breadcrumb","itemListElement":[{"@type":"ListItem","position":1,"name":"In\u00edcio","item":"https:\/\/www.armecanica.com.br\/blog\/"},{"@type":"ListItem","position":2,"name":"Empresa de aluguel de compressor em Cotia: Armec\u00e2nica"}]},{"@type":"WebSite","@id":"https:\/\/www.armecanica.com.br\/blog\/#website","url":"https:\/\/www.armecanica.com.br\/blog\/","name":"Armec\u00e2nica","description":"Blog","publisher":{"@id":"https:\/\/www.armecanica.com.br\/blog\/#organization"},"potentialAction":[{"@type":"SearchAction","target":{"@type":"EntryPoint","urlTemplate":"https:\/\/www.armecanica.com.br\/blog\/?s={search_term_string}"},"query-input":{"@type":"PropertyValueSpecification","valueRequired":true,"valueName":"search_term_string"}}],"inLanguage":"pt-BR"},{"@type":"Organization","@id":"https:\/\/www.armecanica.com.br\/blog\/#organization","name":"Armec\u00e2nica","url":"https:\/\/www.armecanica.com.br\/blog\/","logo":{"@type":"ImageObject","inLanguage":"pt-BR","@id":"https:\/\/www.armecanica.com.br\/blog\/#\/schema\/logo\/image\/","url":"https:\/\/www.armecanica.com.br\/blog\/wp-content\/uploads\/2022\/04\/cropped-cropped-logo-armecanica.jpg","contentUrl":"https:\/\/www.armecanica.com.br\/blog\/wp-content\/uploads\/2022\/04\/cropped-cropped-logo-armecanica.jpg","width":415,"height":74,"caption":"Armec\u00e2nica"},"image":{"@id":"https:\/\/www.armecanica.com.br\/blog\/#\/schema\/logo\/image\/"}},{"@type":"Person","@id":"https:\/\/www.armecanica.com.br\/blog\/#\/schema\/person\/ed0be293dc26f7b6ed2d08b17ae6bdd9","name":"admin","image":{"@type":"ImageObject","inLanguage":"pt-BR","@id":"https:\/\/www.armecanica.com.br\/blog\/#\/schema\/person\/image\/","url":"https:\/\/secure.gravatar.com\/avatar\/e93b0e09c568d39fb51bb3bc837bb35875be86f2ef231a93496eb0b414707787?s=96&d=mm&r=g","contentUrl":"https:\/\/secure.gravatar.com\/avatar\/e93b0e09c568d39fb51bb3bc837bb35875be86f2ef231a93496eb0b414707787?s=96&d=mm&r=g","caption":"admin"},"sameAs":["https:\/\/www.armecanica.com.br\/blog"],"url":"https:\/\/www.armecanica.com.br\/blog\/author\/admin\/"}]}},"_links":{"self":[{"href":"https:\/\/www.armecanica.com.br\/blog\/wp-json\/wp\/v2\/posts\/477","targetHints":{"allow":["GET"]}}],"collection":[{"href":"https:\/\/www.armecanica.com.br\/blog\/wp-json\/wp\/v2\/posts"}],"about":[{"href":"https:\/\/www.armecanica.com.br\/blog\/wp-json\/wp\/v2\/types\/post"}],"author":[{"embeddable":true,"href":"https:\/\/www.armecanica.com.br\/blog\/wp-json\/wp\/v2\/users\/1"}],"replies":[{"embeddable":true,"href":"https:\/\/www.armecanica.com.br\/blog\/wp-json\/wp\/v2\/comments?post=477"}],"version-history":[{"count":1,"href":"https:\/\/www.armecanica.com.br\/blog\/wp-json\/wp\/v2\/posts\/477\/revisions"}],"predecessor-version":[{"id":480,"href":"https:\/\/www.armecanica.com.br\/blog\/wp-json\/wp\/v2\/posts\/477\/revisions\/480"}],"wp:featuredmedia":[{"embeddable":true,"href":"https:\/\/www.armecanica.com.br\/blog\/wp-json\/wp\/v2\/media\/479"}],"wp:attachment":[{"href":"https:\/\/www.armecanica.com.br\/blog\/wp-json\/wp\/v2\/media?parent=477"}],"wp:term":[{"taxonomy":"category","embeddable":true,"href":"https:\/\/www.armecanica.com.br\/blog\/wp-json\/wp\/v2\/categories?post=477"},{"taxonomy":"post_tag","embeddable":true,"href":"https:\/\/www.armecanica.com.br\/blog\/wp-json\/wp\/v2\/tags?post=477"}],"curies":[{"name":"wp","href":"https:\/\/api.w.org\/{rel}","templated":true}]}}